{"id":42608,"date":"2018-10-28T20:36:05","date_gmt":"2018-10-28T23:36:05","guid":{"rendered":"https:\/\/eldiariodesanpedro.com.ar\/sitio\/?p=42608"},"modified":"2018-10-28T20:36:05","modified_gmt":"2018-10-28T23:36:05","slug":"san-nicolas-el-intendente-y-el-ministro-de-justicia-recorrieron-la-up3","status":"publish","type":"post","link":"https:\/\/eldiariodesanpedro.com.ar\/sitio\/san-nicolas-el-intendente-y-el-ministro-de-justicia-recorrieron-la-up3\/","title":{"rendered":"SAN NICOL\u00c1S: El Intendente y el Ministro de Justicia recorrieron la UP3"},"content":{"rendered":"<p><!-- VideographyWP Plugin Message: Automatic video embedding prevented by plugin options. --><br \/>\nEl intendente Manuel Passaglia recibi\u00f3 en su despacho al Ministro de Justicia de la Provincia de Buenos Aires Gustavo Ferrari y realizaron un recorrido por la Unidad Penal de San Nicol\u00e1s.<\/p>\n<p>  La visita a la Unidad Penal tuvo como objetivo principal constatar si los proyectos de inserci\u00f3n que ha puesto en marcha la provincia siguen vigentes.<br \/>\n  \u201cLos hemos recorrido uno por uno y nos pone muy contento que est\u00e9n funcionando correctamente al igual que la huerta que hemos incorporado hace un tiempo que va camino a cumplir con el autoabastecimiento de los internos\u201d, expres\u00f3 el Ministro.<br \/>\n  Con respecto a la infraestructura y la sobrepoblaci\u00f3n de la unidad penal dijo que \u201clos proyectos para mejorar este tema tienen que ver con una decisi\u00f3n tomada por la Gobernadora que, en la medida que nos permitan los recursos, podamos ir avanzando en la nueva generaci\u00f3n de plazas. Tendremos 3200 nuevas plazas construidas en diferentes unidades penales de la provincia\u201d.<br \/>\n  En relaci\u00f3n a la selecci\u00f3n de jueces, expres\u00f3 que \u201cnuestra decisi\u00f3n es mejorar el sistema de selecci\u00f3n de magistrados con orden de m\u00e9rito, cosa que no se hace actualmente en la provincia y con escuela judicial previa obligatoria para que permita dar certezas sobre las pr\u00e1cticas y habilidades de aquellas personas que son seleccionadas para ser jueces.\u201d<br \/>\n  Durante la recorrida, el ministro y el intendente pudieron ver los trabajos que se est\u00e1n realizando en la unidad como sillas y mesas que ser\u00e1n donadas a comedores de la ciudad, muebles destinados a una vivienda perteneciente a una familia que hab\u00eda perdido todo en un incendio, una bicicleta especialmente adaptada para personas no videntes, ventanas para el hospital de San Nicol\u00e1s y sillas de ruedas de Pami y ANSES que se est\u00e1n reparando.<br \/>\n  \u201cQueremos generar una cultura de solidaridad respecto a aquellas personas que tienen que cumplir una pena y que pueden reivindicar de alguna manera su deuda con la sociedad tambi\u00e9n a trav\u00e9s de servicios\u201d, finaliz\u00f3 Ferrari.<br \/>\n  Luego de la conferencia de prensa, el Ministro y el Intendente tuvieron una reuni\u00f3n con jueces de nuestra ciudad.<\/p>\n<p>Fuente: Diario El Informante <\/p>\n","protected":false},"excerpt":{"rendered":"<p>El intendente Manuel Passaglia recibi\u00f3 en su despacho al Ministro de Justicia de la Provincia de Buenos Aires Gustavo Ferrari y realizaron un recorrido por la Unidad Penal de San Nicol\u00e1s. La visita a la Unidad Penal tuvo como objetivo principal constatar si los proyectos de inserci\u00f3n que ha puesto en marcha la provincia siguen [&hellip;]<\/p>\n","protected":false},"author":4,"featured_media":42612,"comment_status":"open","ping_status":"closed","sticky":false,"template":"","format":"standard","meta":{"om_disable_all_campaigns":false,"_jetpack_memberships_contains_paid_content":false,"footnotes":""},"categories":[621],"tags":[],"class_list":["post-42608","post","type-post","status-publish","format-standard","has-post-thumbnail","hentry","category-regionales"],"aioseo_notices":[],"gutentor_comment":0,"jetpack_featured_media_url":"https:\/\/eldiariodesanpedro.com.ar\/sitio\/wp-content\/uploads\/2018\/10\/PAGINA-6-8.jpg","jetpack_shortlink":"https:\/\/wp.me\/p6RhLt-b5e","jetpack_sharing_enabled":true,"_links":{"self":[{"href":"https:\/\/eldiariodesanpedro.com.ar\/sitio\/wp-json\/wp\/v2\/posts\/42608","targetHints":{"allow":["GET"]}}],"collection":[{"href":"https:\/\/eldiariodesanpedro.com.ar\/sitio\/wp-json\/wp\/v2\/posts"}],"about":[{"href":"https:\/\/eldiariodesanpedro.com.ar\/sitio\/wp-json\/wp\/v2\/types\/post"}],"author":[{"embeddable":true,"href":"https:\/\/eldiariodesanpedro.com.ar\/sitio\/wp-json\/wp\/v2\/users\/4"}],"replies":[{"embeddable":true,"href":"https:\/\/eldiariodesanpedro.com.ar\/sitio\/wp-json\/wp\/v2\/comments?post=42608"}],"version-history":[{"count":1,"href":"https:\/\/eldiariodesanpedro.com.ar\/sitio\/wp-json\/wp\/v2\/posts\/42608\/revisions"}],"predecessor-version":[{"id":42616,"href":"https:\/\/eldiariodesanpedro.com.ar\/sitio\/wp-json\/wp\/v2\/posts\/42608\/revisions\/42616"}],"wp:featuredmedia":[{"embeddable":true,"href":"https:\/\/eldiariodesanpedro.com.ar\/sitio\/wp-json\/wp\/v2\/media\/42612"}],"wp:attachment":[{"href":"https:\/\/eldiariodesanpedro.com.ar\/sitio\/wp-json\/wp\/v2\/media?parent=42608"}],"wp:term":[{"taxonomy":"category","embeddable":true,"href":"https:\/\/eldiariodesanpedro.com.ar\/sitio\/wp-json\/wp\/v2\/categories?post=42608"},{"taxonomy":"post_tag","embeddable":true,"href":"https:\/\/eldiariodesanpedro.com.ar\/sitio\/wp-json\/wp\/v2\/tags?post=42608"}],"curies":[{"name":"wp","href":"https:\/\/api.w.org\/{rel}","templated":true}]}}