{"id":42605,"date":"2018-10-28T20:30:58","date_gmt":"2018-10-28T23:30:58","guid":{"rendered":"https:\/\/eldiariodesanpedro.com.ar\/sitio\/?p=42605"},"modified":"2018-10-28T20:30:58","modified_gmt":"2018-10-28T23:30:58","slug":"roban-ciclomotor-110-cc","status":"publish","type":"post","link":"https:\/\/eldiariodesanpedro.com.ar\/sitio\/roban-ciclomotor-110-cc\/","title":{"rendered":"Roban ciclomotor 110 cc"},"content":{"rendered":"<p><!-- VideographyWP Plugin Message: Automatic video embedding prevented by plugin options. --><br \/>\nUna mujer denunci\u00f3 en la Comisar\u00eda local este s\u00e1bado pasado el robo de su motocicleta.<\/p>\n<p>  La mujer declar\u00f3 que hab\u00eda dejado su veh\u00edculo en la galer\u00eda de una vivienda ubicada sobre calle Pav\u00f3n al 300 y, delincuentes sustrajeron la moto. Aparentemente, no provocaron da\u00f1os en el acceso a la vivienda.<br \/>\n  Investiga el hecho la Fiscal\u00eda en turno de San Pedro. <\/p>\n","protected":false},"excerpt":{"rendered":"<p>Una mujer denunci\u00f3 en la Comisar\u00eda local este s\u00e1bado pasado el robo de su motocicleta. La mujer declar\u00f3 que hab\u00eda dejado su veh\u00edculo en la galer\u00eda de una vivienda ubicada sobre calle Pav\u00f3n al 300 y, delincuentes sustrajeron la moto. Aparentemente, no provocaron da\u00f1os en el acceso a la vivienda. Investiga el hecho la Fiscal\u00eda [&hellip;]<\/p>\n","protected":false},"author":4,"featured_media":16989,"comment_status":"open","ping_status":"closed","sticky":false,"template":"","format":"standard","meta":{"om_disable_all_campaigns":false,"_jetpack_memberships_contains_paid_content":false,"footnotes":""},"categories":[2,103],"tags":[],"class_list":["post-42605","post","type-post","status-publish","format-standard","has-post-thumbnail","hentry","category-locales","category-policiales-locales"],"aioseo_notices":[],"gutentor_comment":0,"jetpack_featured_media_url":"https:\/\/eldiariodesanpedro.com.ar\/sitio\/wp-content\/uploads\/2017\/04\/DSC_0221-e1492514769862.jpg","jetpack_shortlink":"https:\/\/wp.me\/p6RhLt-b5b","jetpack_sharing_enabled":true,"_links":{"self":[{"href":"https:\/\/eldiariodesanpedro.com.ar\/sitio\/wp-json\/wp\/v2\/posts\/42605","targetHints":{"allow":["GET"]}}],"collection":[{"href":"https:\/\/eldiariodesanpedro.com.ar\/sitio\/wp-json\/wp\/v2\/posts"}],"about":[{"href":"https:\/\/eldiariodesanpedro.com.ar\/sitio\/wp-json\/wp\/v2\/types\/post"}],"author":[{"embeddable":true,"href":"https:\/\/eldiariodesanpedro.com.ar\/sitio\/wp-json\/wp\/v2\/users\/4"}],"replies":[{"embeddable":true,"href":"https:\/\/eldiariodesanpedro.com.ar\/sitio\/wp-json\/wp\/v2\/comments?post=42605"}],"version-history":[{"count":1,"href":"https:\/\/eldiariodesanpedro.com.ar\/sitio\/wp-json\/wp\/v2\/posts\/42605\/revisions"}],"predecessor-version":[{"id":42609,"href":"https:\/\/eldiariodesanpedro.com.ar\/sitio\/wp-json\/wp\/v2\/posts\/42605\/revisions\/42609"}],"wp:featuredmedia":[{"embeddable":true,"href":"https:\/\/eldiariodesanpedro.com.ar\/sitio\/wp-json\/wp\/v2\/media\/16989"}],"wp:attachment":[{"href":"https:\/\/eldiariodesanpedro.com.ar\/sitio\/wp-json\/wp\/v2\/media?parent=42605"}],"wp:term":[{"taxonomy":"category","embeddable":true,"href":"https:\/\/eldiariodesanpedro.com.ar\/sitio\/wp-json\/wp\/v2\/categories?post=42605"},{"taxonomy":"post_tag","embeddable":true,"href":"https:\/\/eldiariodesanpedro.com.ar\/sitio\/wp-json\/wp\/v2\/tags?post=42605"}],"curies":[{"name":"wp","href":"https:\/\/api.w.org\/{rel}","templated":true}]}}