{"id":42598,"date":"2018-10-28T20:22:17","date_gmt":"2018-10-28T23:22:17","guid":{"rendered":"https:\/\/eldiariodesanpedro.com.ar\/sitio\/?p=42598"},"modified":"2018-10-28T20:22:17","modified_gmt":"2018-10-28T23:22:17","slug":"coordinan-visita-de-delegados-de-la-oit-a-san-pedro","status":"publish","type":"post","link":"https:\/\/eldiariodesanpedro.com.ar\/sitio\/coordinan-visita-de-delegados-de-la-oit-a-san-pedro\/","title":{"rendered":"Coordinan visita de delegados de la OIT a San Pedro"},"content":{"rendered":"<p><!-- VideographyWP Plugin Message: Automatic video embedding prevented by plugin options. --><br \/>\nEl Intendente Cecilio Salazar particip\u00f3 el viernes por la tarde en una reuni\u00f3n en la Ciudad de Buenos Aires junto a representantes del Secretariado General de UATRE y el Director de la OIT (Organizaci\u00f3n Internacional del Trabajo) en Argentina, el brasilero Pedro Furtado de Oliveira, en la que se coordinaron detalles de la agenda que cumplir\u00e1n en nuestra ciudad.<br \/>\n  Seg\u00fan lo acordado llegar\u00e1n a nuestra ciudad el pr\u00f3ximo 5 de noviembre para efectuar una recorrida por plantaciones de ar\u00e1ndanos y mantener reuniones con trabajadores, productores y sindicalistas. En el actual contexto econ\u00f3mico del pa\u00eds la producci\u00f3n de ar\u00e1ndanos est\u00e1 recuperando su impulso y existe un inter\u00e9s concreto de los funcionarios de la Organizaci\u00f3n Internacional del Trabajo de establecer un v\u00ednculo con el sector para conocer mayores detalles sobre los procedimientos de certificaci\u00f3n que se aplican para exportar y sobre todo lo relacionado con los diferentes pasos de la producci\u00f3n. <\/p>\n","protected":false},"excerpt":{"rendered":"<p>El Intendente Cecilio Salazar particip\u00f3 el viernes por la tarde en una reuni\u00f3n en la Ciudad de Buenos Aires junto a representantes del Secretariado General de UATRE y el Director de la OIT (Organizaci\u00f3n Internacional del Trabajo) en Argentina, el brasilero Pedro Furtado de Oliveira, en la que se coordinaron detalles de la agenda que [&hellip;]<\/p>\n","protected":false},"author":4,"featured_media":42601,"comment_status":"open","ping_status":"closed","sticky":false,"template":"","format":"standard","meta":{"om_disable_all_campaigns":false,"_jetpack_memberships_contains_paid_content":false,"footnotes":""},"categories":[2,102],"tags":[],"class_list":["post-42598","post","type-post","status-publish","format-standard","has-post-thumbnail","hentry","category-locales","category-politica-locales"],"aioseo_notices":[],"gutentor_comment":0,"jetpack_featured_media_url":"https:\/\/eldiariodesanpedro.com.ar\/sitio\/wp-content\/uploads\/2018\/10\/PAGINA-4-4.jpg","jetpack_shortlink":"https:\/\/wp.me\/p6RhLt-b54","jetpack_sharing_enabled":true,"_links":{"self":[{"href":"https:\/\/eldiariodesanpedro.com.ar\/sitio\/wp-json\/wp\/v2\/posts\/42598","targetHints":{"allow":["GET"]}}],"collection":[{"href":"https:\/\/eldiariodesanpedro.com.ar\/sitio\/wp-json\/wp\/v2\/posts"}],"about":[{"href":"https:\/\/eldiariodesanpedro.com.ar\/sitio\/wp-json\/wp\/v2\/types\/post"}],"author":[{"embeddable":true,"href":"https:\/\/eldiariodesanpedro.com.ar\/sitio\/wp-json\/wp\/v2\/users\/4"}],"replies":[{"embeddable":true,"href":"https:\/\/eldiariodesanpedro.com.ar\/sitio\/wp-json\/wp\/v2\/comments?post=42598"}],"version-history":[{"count":1,"href":"https:\/\/eldiariodesanpedro.com.ar\/sitio\/wp-json\/wp\/v2\/posts\/42598\/revisions"}],"predecessor-version":[{"id":42603,"href":"https:\/\/eldiariodesanpedro.com.ar\/sitio\/wp-json\/wp\/v2\/posts\/42598\/revisions\/42603"}],"wp:featuredmedia":[{"embeddable":true,"href":"https:\/\/eldiariodesanpedro.com.ar\/sitio\/wp-json\/wp\/v2\/media\/42601"}],"wp:attachment":[{"href":"https:\/\/eldiariodesanpedro.com.ar\/sitio\/wp-json\/wp\/v2\/media?parent=42598"}],"wp:term":[{"taxonomy":"category","embeddable":true,"href":"https:\/\/eldiariodesanpedro.com.ar\/sitio\/wp-json\/wp\/v2\/categories?post=42598"},{"taxonomy":"post_tag","embeddable":true,"href":"https:\/\/eldiariodesanpedro.com.ar\/sitio\/wp-json\/wp\/v2\/tags?post=42598"}],"curies":[{"name":"wp","href":"https:\/\/api.w.org\/{rel}","templated":true}]}}