{"id":42595,"date":"2018-10-28T20:20:42","date_gmt":"2018-10-28T23:20:42","guid":{"rendered":"https:\/\/eldiariodesanpedro.com.ar\/sitio\/?p=42595"},"modified":"2018-10-28T20:20:42","modified_gmt":"2018-10-28T23:20:42","slug":"noche-de-fiesta-por-los-111-anos-del-club","status":"publish","type":"post","link":"https:\/\/eldiariodesanpedro.com.ar\/sitio\/noche-de-fiesta-por-los-111-anos-del-club\/","title":{"rendered":"Noche de fiesta por los 111 a\u00f1os del Club"},"content":{"rendered":"<p><!-- VideographyWP Plugin Message: Automatic video embedding prevented by plugin options. --><br \/>\nEl s\u00e1bado 27 de octubre el Club tuvo su cena aniversario, cerrando el mes del cumplea\u00f1os 111 con una noche de fiesta, humor y m\u00fasica, en el restaurante \u00abCantina N\u00e1utica\u00bb que funciona en el sal\u00f3n social.  <\/p>\n<p>  El Comodoro Marcos Arana fue el encargado de dar la bienvenida a los asistentes destacando nuevamente el gran a\u00f1o deportivo, con la presencia en una mesa especial de los representantes del club en los Juegos de la Juventud 2018.<br \/>\n  Dante Cittadini y su entrenador Nicol\u00e1s Schargorodsky, Valent\u00edn Rossi y Rebeca D&#8217;Estefano estuvieron con sus familias y recibieron nuevamente el aplauso de todos. En su mensaje el Dr. Arana tambi\u00e9n habl\u00f3 de la inminente aplicaci\u00f3n de la alfombra sint\u00e9tica sobre el terreno de Villa Jard\u00edn donde en poco tiempo m\u00e1s el hockey del club tendr\u00e1 por fin su nueva cancha, e indic\u00f3 adem\u00e1s que ya se pagaron las 40 cuotas del plan con el que accedi\u00f3 a esta superficie.<br \/>\n  Remarc\u00f3 el trabajo de preparaci\u00f3n para la pr\u00f3xima temporada, el equilibrio de las cuentas y el trabajo mancomunado de todos los que hacen al funcionamiento del Club. En el final record\u00f3 que el pr\u00f3ximo 9 de diciembre se entregar\u00e1n los premios Paulinos cerrando semanas en las que se intercalan importantes encuentros de todos los deportes y que durante el mismo mes se volver\u00e1 a proponer a los socios una charla sobre consumo de alcohol y adicciones para padres y j\u00f3venes.<br \/>\n  El corte de la torta aniversario reuni\u00f3 al Comodoro Marcos Arana, al ex Comodoro Ricardo Luri y a los j\u00f3venes deportistas destacados en los Juegos de la Juventud.  La fiesta cont\u00f3 con las actuaciones del grupo SanFolk de Basiliki Spiropulos, el humorista Alejandro Gardinetti y Fernanda con un show de imitaciones a Shakira y luego m\u00fasica para extender la noche con baile. <\/p>\n","protected":false},"excerpt":{"rendered":"<p>El s\u00e1bado 27 de octubre el Club tuvo su cena aniversario, cerrando el mes del cumplea\u00f1os 111 con una noche de fiesta, humor y m\u00fasica, en el restaurante \u00abCantina N\u00e1utica\u00bb que funciona en el sal\u00f3n social. El Comodoro Marcos Arana fue el encargado de dar la bienvenida a los asistentes destacando nuevamente el gran a\u00f1o [&hellip;]<\/p>\n","protected":false},"author":4,"featured_media":11309,"comment_status":"open","ping_status":"closed","sticky":false,"template":"","format":"standard","meta":{"om_disable_all_campaigns":false,"_jetpack_memberships_contains_paid_content":false,"footnotes":""},"categories":[101,2],"tags":[],"class_list":["post-42595","post","type-post","status-publish","format-standard","has-post-thumbnail","hentry","category-interes-general-locales","category-locales"],"aioseo_notices":[],"gutentor_comment":0,"jetpack_featured_media_url":"https:\/\/eldiariodesanpedro.com.ar\/sitio\/wp-content\/uploads\/2016\/12\/logo-club-nautico-san-pedro.jpg","jetpack_shortlink":"https:\/\/wp.me\/p6RhLt-b51","jetpack_sharing_enabled":true,"_links":{"self":[{"href":"https:\/\/eldiariodesanpedro.com.ar\/sitio\/wp-json\/wp\/v2\/posts\/42595","targetHints":{"allow":["GET"]}}],"collection":[{"href":"https:\/\/eldiariodesanpedro.com.ar\/sitio\/wp-json\/wp\/v2\/posts"}],"about":[{"href":"https:\/\/eldiariodesanpedro.com.ar\/sitio\/wp-json\/wp\/v2\/types\/post"}],"author":[{"embeddable":true,"href":"https:\/\/eldiariodesanpedro.com.ar\/sitio\/wp-json\/wp\/v2\/users\/4"}],"replies":[{"embeddable":true,"href":"https:\/\/eldiariodesanpedro.com.ar\/sitio\/wp-json\/wp\/v2\/comments?post=42595"}],"version-history":[{"count":2,"href":"https:\/\/eldiariodesanpedro.com.ar\/sitio\/wp-json\/wp\/v2\/posts\/42595\/revisions"}],"predecessor-version":[{"id":42602,"href":"https:\/\/eldiariodesanpedro.com.ar\/sitio\/wp-json\/wp\/v2\/posts\/42595\/revisions\/42602"}],"wp:featuredmedia":[{"embeddable":true,"href":"https:\/\/eldiariodesanpedro.com.ar\/sitio\/wp-json\/wp\/v2\/media\/11309"}],"wp:attachment":[{"href":"https:\/\/eldiariodesanpedro.com.ar\/sitio\/wp-json\/wp\/v2\/media?parent=42595"}],"wp:term":[{"taxonomy":"category","embeddable":true,"href":"https:\/\/eldiariodesanpedro.com.ar\/sitio\/wp-json\/wp\/v2\/categories?post=42595"},{"taxonomy":"post_tag","embeddable":true,"href":"https:\/\/eldiariodesanpedro.com.ar\/sitio\/wp-json\/wp\/v2\/tags?post=42595"}],"curies":[{"name":"wp","href":"https:\/\/api.w.org\/{rel}","templated":true}]}}