{"id":42562,"date":"2018-10-27T09:48:54","date_gmt":"2018-10-27T12:48:54","guid":{"rendered":"https:\/\/eldiariodesanpedro.com.ar\/sitio\/?p=42562"},"modified":"2018-10-27T09:48:54","modified_gmt":"2018-10-27T12:48:54","slug":"de-un-galpon-robaron-herramientas-una-garrafa-y-un-soplete","status":"publish","type":"post","link":"https:\/\/eldiariodesanpedro.com.ar\/sitio\/de-un-galpon-robaron-herramientas-una-garrafa-y-un-soplete\/","title":{"rendered":"De un galp\u00f3n robaron herramientas, una garrafa y un soplete"},"content":{"rendered":"<p><!-- VideographyWP Plugin Message: Automatic video embedding prevented by plugin options. --><br \/>\nPor la tarde noche del viernes, un ciudadano mayor de edad, denuncio en la Dependencia Local, que al arribar a un galp\u00f3n que posee en intersecci\u00f3n de Avenida Sarmiento y Obligado, delincuentes hab\u00edan ingresado.<\/p>\n<p>Al recorrer el mismo se da cuenta el faltante de las herramientas de mano varias, garrafa, soplete.<\/p>\n<p>Investiga el hecho la Fiscalia de Turno en San Pedro.<\/p>\n","protected":false},"excerpt":{"rendered":"<p>Por la tarde noche del viernes, un ciudadano mayor de edad, denuncio en la Dependencia Local, que al arribar a un galp\u00f3n que posee en intersecci\u00f3n de Avenida Sarmiento y Obligado, delincuentes hab\u00edan ingresado. Al recorrer el mismo se da cuenta el faltante de las herramientas de mano varias, garrafa, soplete. Investiga el hecho la [&hellip;]<\/p>\n","protected":false},"author":4,"featured_media":23313,"comment_status":"open","ping_status":"closed","sticky":false,"template":"","format":"standard","meta":{"om_disable_all_campaigns":false,"_jetpack_memberships_contains_paid_content":false,"footnotes":""},"categories":[2,103],"tags":[],"class_list":["post-42562","post","type-post","status-publish","format-standard","has-post-thumbnail","hentry","category-locales","category-policiales-locales"],"aioseo_notices":[],"gutentor_comment":0,"jetpack_featured_media_url":"https:\/\/eldiariodesanpedro.com.ar\/sitio\/wp-content\/uploads\/2017\/09\/patrulla-nocturna.jpg","jetpack_shortlink":"https:\/\/wp.me\/p6RhLt-b4u","jetpack_sharing_enabled":true,"_links":{"self":[{"href":"https:\/\/eldiariodesanpedro.com.ar\/sitio\/wp-json\/wp\/v2\/posts\/42562","targetHints":{"allow":["GET"]}}],"collection":[{"href":"https:\/\/eldiariodesanpedro.com.ar\/sitio\/wp-json\/wp\/v2\/posts"}],"about":[{"href":"https:\/\/eldiariodesanpedro.com.ar\/sitio\/wp-json\/wp\/v2\/types\/post"}],"author":[{"embeddable":true,"href":"https:\/\/eldiariodesanpedro.com.ar\/sitio\/wp-json\/wp\/v2\/users\/4"}],"replies":[{"embeddable":true,"href":"https:\/\/eldiariodesanpedro.com.ar\/sitio\/wp-json\/wp\/v2\/comments?post=42562"}],"version-history":[{"count":1,"href":"https:\/\/eldiariodesanpedro.com.ar\/sitio\/wp-json\/wp\/v2\/posts\/42562\/revisions"}],"predecessor-version":[{"id":42563,"href":"https:\/\/eldiariodesanpedro.com.ar\/sitio\/wp-json\/wp\/v2\/posts\/42562\/revisions\/42563"}],"wp:featuredmedia":[{"embeddable":true,"href":"https:\/\/eldiariodesanpedro.com.ar\/sitio\/wp-json\/wp\/v2\/media\/23313"}],"wp:attachment":[{"href":"https:\/\/eldiariodesanpedro.com.ar\/sitio\/wp-json\/wp\/v2\/media?parent=42562"}],"wp:term":[{"taxonomy":"category","embeddable":true,"href":"https:\/\/eldiariodesanpedro.com.ar\/sitio\/wp-json\/wp\/v2\/categories?post=42562"},{"taxonomy":"post_tag","embeddable":true,"href":"https:\/\/eldiariodesanpedro.com.ar\/sitio\/wp-json\/wp\/v2\/tags?post=42562"}],"curies":[{"name":"wp","href":"https:\/\/api.w.org\/{rel}","templated":true}]}}