{"id":42560,"date":"2018-10-27T09:39:23","date_gmt":"2018-10-27T12:39:23","guid":{"rendered":"https:\/\/eldiariodesanpedro.com.ar\/sitio\/?p=42560"},"modified":"2018-10-27T09:39:23","modified_gmt":"2018-10-27T12:39:23","slug":"robaron-mas-de-15-kg-de-frutas","status":"publish","type":"post","link":"https:\/\/eldiariodesanpedro.com.ar\/sitio\/robaron-mas-de-15-kg-de-frutas\/","title":{"rendered":"Robaron m\u00e1s de 15 kg de frutas"},"content":{"rendered":"<p><!-- VideographyWP Plugin Message: Automatic video embedding prevented by plugin options. --><br \/>\nEl hecho ocurri\u00f3 este viernes despu\u00e9s del mediod\u00eda en un comercio ubicado en Av. 11 de Septiembre, delincuentes sustrajeron m\u00e1s de 15kg de frutas.<\/p>\n<p>As\u00ed lo constato su propietario, un hombre de 32 a\u00f1os de edad, quien se dio cuenta de lo ocurrido al dirigirse a la parte trasera del mismo y constatar que hab\u00edan violentado el port\u00f3n y el faltante de frutas.<\/p>\n","protected":false},"excerpt":{"rendered":"<p>El hecho ocurri\u00f3 este viernes despu\u00e9s del mediod\u00eda en un comercio ubicado en Av. 11 de Septiembre, delincuentes sustrajeron m\u00e1s de 15kg de frutas. As\u00ed lo constato su propietario, un hombre de 32 a\u00f1os de edad, quien se dio cuenta de lo ocurrido al dirigirse a la parte trasera del mismo y constatar que hab\u00edan [&hellip;]<\/p>\n","protected":false},"author":4,"featured_media":32908,"comment_status":"open","ping_status":"closed","sticky":false,"template":"","format":"standard","meta":{"om_disable_all_campaigns":false,"_jetpack_memberships_contains_paid_content":false,"footnotes":""},"categories":[2,103],"tags":[],"class_list":["post-42560","post","type-post","status-publish","format-standard","has-post-thumbnail","hentry","category-locales","category-policiales-locales"],"aioseo_notices":[],"gutentor_comment":0,"jetpack_featured_media_url":"https:\/\/eldiariodesanpedro.com.ar\/sitio\/wp-content\/uploads\/2018\/05\/patrullero-nuevo_3.jpg","jetpack_shortlink":"https:\/\/wp.me\/p6RhLt-b4s","jetpack_sharing_enabled":true,"_links":{"self":[{"href":"https:\/\/eldiariodesanpedro.com.ar\/sitio\/wp-json\/wp\/v2\/posts\/42560","targetHints":{"allow":["GET"]}}],"collection":[{"href":"https:\/\/eldiariodesanpedro.com.ar\/sitio\/wp-json\/wp\/v2\/posts"}],"about":[{"href":"https:\/\/eldiariodesanpedro.com.ar\/sitio\/wp-json\/wp\/v2\/types\/post"}],"author":[{"embeddable":true,"href":"https:\/\/eldiariodesanpedro.com.ar\/sitio\/wp-json\/wp\/v2\/users\/4"}],"replies":[{"embeddable":true,"href":"https:\/\/eldiariodesanpedro.com.ar\/sitio\/wp-json\/wp\/v2\/comments?post=42560"}],"version-history":[{"count":1,"href":"https:\/\/eldiariodesanpedro.com.ar\/sitio\/wp-json\/wp\/v2\/posts\/42560\/revisions"}],"predecessor-version":[{"id":42561,"href":"https:\/\/eldiariodesanpedro.com.ar\/sitio\/wp-json\/wp\/v2\/posts\/42560\/revisions\/42561"}],"wp:featuredmedia":[{"embeddable":true,"href":"https:\/\/eldiariodesanpedro.com.ar\/sitio\/wp-json\/wp\/v2\/media\/32908"}],"wp:attachment":[{"href":"https:\/\/eldiariodesanpedro.com.ar\/sitio\/wp-json\/wp\/v2\/media?parent=42560"}],"wp:term":[{"taxonomy":"category","embeddable":true,"href":"https:\/\/eldiariodesanpedro.com.ar\/sitio\/wp-json\/wp\/v2\/categories?post=42560"},{"taxonomy":"post_tag","embeddable":true,"href":"https:\/\/eldiariodesanpedro.com.ar\/sitio\/wp-json\/wp\/v2\/tags?post=42560"}],"curies":[{"name":"wp","href":"https:\/\/api.w.org\/{rel}","templated":true}]}}