{"id":42554,"date":"2018-10-27T09:19:16","date_gmt":"2018-10-27T12:19:16","guid":{"rendered":"https:\/\/eldiariodesanpedro.com.ar\/sitio\/?p=42554"},"modified":"2018-10-27T09:19:16","modified_gmt":"2018-10-27T12:19:16","slug":"asamblea-en-coopser-aprobacion-de-gestiones-para-cobertura-de-salud-y-otras-novedades","status":"publish","type":"post","link":"https:\/\/eldiariodesanpedro.com.ar\/sitio\/asamblea-en-coopser-aprobacion-de-gestiones-para-cobertura-de-salud-y-otras-novedades\/","title":{"rendered":"Asamblea en Coopser:  Aprobaci\u00f3n de Gestiones para Cobertura de Salud y otras novedades"},"content":{"rendered":"<p><!-- VideographyWP Plugin Message: Automatic video embedding prevented by plugin options. --><br \/>\nEl viernes 26 de octubre tuvo lugar en el Sal\u00f3n Comunitario de Pellegrini y Honorio Pueyrred\u00f3n, la asamblea anual ordinaria de la Cooperativa de Provisi\u00f3n de Servicios El\u00e9ctricos, P\u00fablicos y Sociales de San Pedro, con un orden del d\u00eda en el que se trataron diferentes puntos incluyendo la renovaci\u00f3n de autoridades.<\/p>\n<p>Con la lectura previa correspondiente, se aprob\u00f3 la Memoria del \u00faltimo ejercicio, y posteriormente tras el detalle de los responsables del \u00e1rea econ\u00f3mica, se aprob\u00f3 el balance que estuvo acompa\u00f1ado de un an\u00e1lisis de la situaci\u00f3n general de COOPSER y de los proyectos pendientes en el corto y mediano plazo. <\/p>\n<p>Se dedic\u00f3 un momento especial para repasar las gestiones que se siguen realizando para poder incorporar el transformador adquirido para la ET San Pedro Industrial y as\u00ed incrementar la capacidad de respuesta a las demandas del sistema local, detallando reuniones con funcionarios locales y nacionales que contin\u00faan tratando de hacer realidad este proyecto.<\/p>\n<p>Los delegados ratificaron la resoluci\u00f3n adoptada por el Consejo de Administraci\u00f3n con relaci\u00f3n a la suspensi\u00f3n del cobro de la cuota de capitalizaci\u00f3n del 10% sobre el monto facturado en concepto de Suministro de Energ\u00eda y Servicio de Peaje, dispuesto en momentos en los que los ajustes tarifarios impactaron con fuerza en las facturas de los socios.<\/p>\n<p>La asamblea autoriz\u00f3 por unanimidad tambi\u00e9n el inicio de las gestiones y estudios pertinentes para la implementaci\u00f3n de una Asociaci\u00f3n Mutual que ser\u00eda creada a los fines de facilitar el acceso a una cobertura b\u00e1sica en el Sanatorio Coopser para los socios de la Cooperativa. Se anticip\u00f3  que, con la aprobaci\u00f3n de los delegados, se comenzar\u00e1n a dise\u00f1ar posibles alternativas para hacerlo efectivo en el transcurso de los pr\u00f3ximos 12 meses.  Adem\u00e1s, se inform\u00f3 que continuar\u00e1 la inversi\u00f3n en equipamiento de mediana y alta complejidad para ofrecer a los vecinos de San Pedro y la regi\u00f3n prestaciones que hoy s\u00f3lo se obtienen viajando a otras ciudades.<\/p>\n<p>Finalmente se presentaron los delegados pertenecientes a la Lista Roja que se impuso en todos los distritos en las elecciones de Julio y en una reuni\u00f3n posterior qued\u00f3 conformado el nuevo Consejo de Administraci\u00f3n que seguir\u00e1 siendo presidido por el Sr. Pablo Peralta.<\/p>\n<p>Antes de concluir la asamblea se proyectaron im\u00e1genes mostrando el plan de obras previsto para comenzar, en coincidencia con los 75 a\u00f1os cumplidos en este 2018, una refacci\u00f3n del sal\u00f3n comunitario y trasladar a ese lugar en dos plantas, las oficinas de administraci\u00f3n y atenci\u00f3n al p\u00fablico.<\/p>\n<div data-carousel-extra='{&quot;blog_id&quot;:1,&quot;permalink&quot;:&quot;https:\/\/eldiariodesanpedro.com.ar\/sitio\/asamblea-en-coopser-aprobacion-de-gestiones-para-cobertura-de-salud-y-otras-novedades\/&quot;}' id='gallery-1' class='gallery galleryid-42554 gallery-columns-3 gallery-size-large'><figure class='gallery-item'>\n\t\t\t<div class='gallery-icon landscape'>\n\t\t\t\t<a href='https:\/\/eldiariodesanpedro.com.ar\/sitio\/wp-content\/uploads\/2018\/10\/a2.jpg'><img decoding=\"async\" width=\"640\" height=\"311\" data-src=\"https:\/\/eldiariodesanpedro.com.ar\/sitio\/wp-content\/uploads\/2018\/10\/a2-1024x498.jpg\" class=\"attachment-large size-large lazyload\" alt=\"El Diario de San Pedro | Noticias locales y regionales\" data-srcset=\"https:\/\/eldiariodesanpedro.com.ar\/sitio\/wp-content\/uploads\/2018\/10\/a2-1024x498.jpg 1024w, https:\/\/eldiariodesanpedro.com.ar\/sitio\/wp-content\/uploads\/2018\/10\/a2-300x146.jpg 300w, https:\/\/eldiariodesanpedro.com.ar\/sitio\/wp-content\/uploads\/2018\/10\/a2-768x373.jpg 768w, https:\/\/eldiariodesanpedro.com.ar\/sitio\/wp-content\/uploads\/2018\/10\/a2.jpg 1280w\" data-sizes=\"(max-width: 640px) 100vw, 640px\" data-attachment-id=\"42555\" data-permalink=\"https:\/\/eldiariodesanpedro.com.ar\/sitio\/asamblea-en-coopser-aprobacion-de-gestiones-para-cobertura-de-salud-y-otras-novedades\/a2\/\" data-orig-file=\"https:\/\/eldiariodesanpedro.com.ar\/sitio\/wp-content\/uploads\/2018\/10\/a2.jpg\" data-orig-size=\"1280,622\" data-comments-opened=\"1\" data-image-meta=\"{&quot;aperture&quot;:&quot;0&quot;,&quot;credit&quot;:&quot;&quot;,&quot;camera&quot;:&quot;&quot;,&quot;caption&quot;:&quot;&quot;,&quot;created_timestamp&quot;:&quot;0&quot;,&quot;copyright&quot;:&quot;&quot;,&quot;focal_length&quot;:&quot;0&quot;,&quot;iso&quot;:&quot;0&quot;,&quot;shutter_speed&quot;:&quot;0&quot;,&quot;title&quot;:&quot;&quot;,&quot;orientation&quot;:&quot;0&quot;}\" data-image-title=\"a2\" data-image-description=\"\" data-image-caption=\"\" data-large-file=\"https:\/\/eldiariodesanpedro.com.ar\/sitio\/wp-content\/uploads\/2018\/10\/a2-1024x498.jpg\" src=\"data:image\/svg+xml;base64,PHN2ZyB3aWR0aD0iMSIgaGVpZ2h0PSIxIiB4bWxucz0iaHR0cDovL3d3dy53My5vcmcvMjAwMC9zdmciPjwvc3ZnPg==\" style=\"--smush-placeholder-width: 640px; --smush-placeholder-aspect-ratio: 640\/311;\" \/><\/a>\n\t\t\t<\/div><\/figure><figure class='gallery-item'>\n\t\t\t<div class='gallery-icon landscape'>\n\t\t\t\t<a href='https:\/\/eldiariodesanpedro.com.ar\/sitio\/wp-content\/uploads\/2018\/10\/a3.jpg'><img decoding=\"async\" width=\"640\" height=\"311\" data-src=\"https:\/\/eldiariodesanpedro.com.ar\/sitio\/wp-content\/uploads\/2018\/10\/a3-1024x498.jpg\" class=\"attachment-large size-large lazyload\" alt=\"El Diario de San Pedro | Noticias locales y regionales\" data-srcset=\"https:\/\/eldiariodesanpedro.com.ar\/sitio\/wp-content\/uploads\/2018\/10\/a3-1024x498.jpg 1024w, https:\/\/eldiariodesanpedro.com.ar\/sitio\/wp-content\/uploads\/2018\/10\/a3-300x146.jpg 300w, https:\/\/eldiariodesanpedro.com.ar\/sitio\/wp-content\/uploads\/2018\/10\/a3-768x373.jpg 768w, https:\/\/eldiariodesanpedro.com.ar\/sitio\/wp-content\/uploads\/2018\/10\/a3.jpg 1280w\" data-sizes=\"(max-width: 640px) 100vw, 640px\" data-attachment-id=\"42556\" data-permalink=\"https:\/\/eldiariodesanpedro.com.ar\/sitio\/asamblea-en-coopser-aprobacion-de-gestiones-para-cobertura-de-salud-y-otras-novedades\/a3\/\" data-orig-file=\"https:\/\/eldiariodesanpedro.com.ar\/sitio\/wp-content\/uploads\/2018\/10\/a3.jpg\" data-orig-size=\"1280,622\" data-comments-opened=\"1\" data-image-meta=\"{&quot;aperture&quot;:&quot;0&quot;,&quot;credit&quot;:&quot;&quot;,&quot;camera&quot;:&quot;&quot;,&quot;caption&quot;:&quot;&quot;,&quot;created_timestamp&quot;:&quot;0&quot;,&quot;copyright&quot;:&quot;&quot;,&quot;focal_length&quot;:&quot;0&quot;,&quot;iso&quot;:&quot;0&quot;,&quot;shutter_speed&quot;:&quot;0&quot;,&quot;title&quot;:&quot;&quot;,&quot;orientation&quot;:&quot;0&quot;}\" data-image-title=\"a3\" data-image-description=\"\" data-image-caption=\"\" data-large-file=\"https:\/\/eldiariodesanpedro.com.ar\/sitio\/wp-content\/uploads\/2018\/10\/a3-1024x498.jpg\" src=\"data:image\/svg+xml;base64,PHN2ZyB3aWR0aD0iMSIgaGVpZ2h0PSIxIiB4bWxucz0iaHR0cDovL3d3dy53My5vcmcvMjAwMC9zdmciPjwvc3ZnPg==\" style=\"--smush-placeholder-width: 640px; --smush-placeholder-aspect-ratio: 640\/311;\" \/><\/a>\n\t\t\t<\/div><\/figure><figure class='gallery-item'>\n\t\t\t<div class='gallery-icon landscape'>\n\t\t\t\t<a href='https:\/\/eldiariodesanpedro.com.ar\/sitio\/wp-content\/uploads\/2018\/10\/a5.jpg'><img decoding=\"async\" width=\"640\" height=\"311\" data-src=\"https:\/\/eldiariodesanpedro.com.ar\/sitio\/wp-content\/uploads\/2018\/10\/a5-1024x498.jpg\" class=\"attachment-large size-large lazyload\" alt=\"El Diario de San Pedro | Noticias locales y regionales\" data-srcset=\"https:\/\/eldiariodesanpedro.com.ar\/sitio\/wp-content\/uploads\/2018\/10\/a5-1024x498.jpg 1024w, https:\/\/eldiariodesanpedro.com.ar\/sitio\/wp-content\/uploads\/2018\/10\/a5-300x146.jpg 300w, https:\/\/eldiariodesanpedro.com.ar\/sitio\/wp-content\/uploads\/2018\/10\/a5-768x373.jpg 768w, https:\/\/eldiariodesanpedro.com.ar\/sitio\/wp-content\/uploads\/2018\/10\/a5.jpg 1280w\" data-sizes=\"(max-width: 640px) 100vw, 640px\" data-attachment-id=\"42558\" data-permalink=\"https:\/\/eldiariodesanpedro.com.ar\/sitio\/asamblea-en-coopser-aprobacion-de-gestiones-para-cobertura-de-salud-y-otras-novedades\/a5\/\" data-orig-file=\"https:\/\/eldiariodesanpedro.com.ar\/sitio\/wp-content\/uploads\/2018\/10\/a5.jpg\" data-orig-size=\"1280,622\" data-comments-opened=\"1\" data-image-meta=\"{&quot;aperture&quot;:&quot;0&quot;,&quot;credit&quot;:&quot;&quot;,&quot;camera&quot;:&quot;&quot;,&quot;caption&quot;:&quot;&quot;,&quot;created_timestamp&quot;:&quot;0&quot;,&quot;copyright&quot;:&quot;&quot;,&quot;focal_length&quot;:&quot;0&quot;,&quot;iso&quot;:&quot;0&quot;,&quot;shutter_speed&quot;:&quot;0&quot;,&quot;title&quot;:&quot;&quot;,&quot;orientation&quot;:&quot;0&quot;}\" data-image-title=\"a5\" data-image-description=\"\" data-image-caption=\"\" data-large-file=\"https:\/\/eldiariodesanpedro.com.ar\/sitio\/wp-content\/uploads\/2018\/10\/a5-1024x498.jpg\" src=\"data:image\/svg+xml;base64,PHN2ZyB3aWR0aD0iMSIgaGVpZ2h0PSIxIiB4bWxucz0iaHR0cDovL3d3dy53My5vcmcvMjAwMC9zdmciPjwvc3ZnPg==\" style=\"--smush-placeholder-width: 640px; --smush-placeholder-aspect-ratio: 640\/311;\" \/><\/a>\n\t\t\t<\/div><\/figure><figure class='gallery-item'>\n\t\t\t<div class='gallery-icon landscape'>\n\t\t\t\t<a href='https:\/\/eldiariodesanpedro.com.ar\/sitio\/wp-content\/uploads\/2018\/10\/a4.jpg'><img decoding=\"async\" width=\"640\" height=\"311\" data-src=\"https:\/\/eldiariodesanpedro.com.ar\/sitio\/wp-content\/uploads\/2018\/10\/a4-1024x498.jpg\" class=\"attachment-large size-large lazyload\" alt=\"El Diario de San Pedro | Noticias locales y regionales\" data-srcset=\"https:\/\/eldiariodesanpedro.com.ar\/sitio\/wp-content\/uploads\/2018\/10\/a4-1024x498.jpg 1024w, https:\/\/eldiariodesanpedro.com.ar\/sitio\/wp-content\/uploads\/2018\/10\/a4-300x146.jpg 300w, https:\/\/eldiariodesanpedro.com.ar\/sitio\/wp-content\/uploads\/2018\/10\/a4-768x373.jpg 768w, https:\/\/eldiariodesanpedro.com.ar\/sitio\/wp-content\/uploads\/2018\/10\/a4.jpg 1280w\" data-sizes=\"(max-width: 640px) 100vw, 640px\" data-attachment-id=\"42557\" data-permalink=\"https:\/\/eldiariodesanpedro.com.ar\/sitio\/asamblea-en-coopser-aprobacion-de-gestiones-para-cobertura-de-salud-y-otras-novedades\/a4\/\" data-orig-file=\"https:\/\/eldiariodesanpedro.com.ar\/sitio\/wp-content\/uploads\/2018\/10\/a4.jpg\" data-orig-size=\"1280,622\" data-comments-opened=\"1\" data-image-meta=\"{&quot;aperture&quot;:&quot;0&quot;,&quot;credit&quot;:&quot;&quot;,&quot;camera&quot;:&quot;&quot;,&quot;caption&quot;:&quot;&quot;,&quot;created_timestamp&quot;:&quot;0&quot;,&quot;copyright&quot;:&quot;&quot;,&quot;focal_length&quot;:&quot;0&quot;,&quot;iso&quot;:&quot;0&quot;,&quot;shutter_speed&quot;:&quot;0&quot;,&quot;title&quot;:&quot;&quot;,&quot;orientation&quot;:&quot;0&quot;}\" data-image-title=\"a4\" data-image-description=\"\" data-image-caption=\"\" data-large-file=\"https:\/\/eldiariodesanpedro.com.ar\/sitio\/wp-content\/uploads\/2018\/10\/a4-1024x498.jpg\" src=\"data:image\/svg+xml;base64,PHN2ZyB3aWR0aD0iMSIgaGVpZ2h0PSIxIiB4bWxucz0iaHR0cDovL3d3dy53My5vcmcvMjAwMC9zdmciPjwvc3ZnPg==\" style=\"--smush-placeholder-width: 640px; --smush-placeholder-aspect-ratio: 640\/311;\" \/><\/a>\n\t\t\t<\/div><\/figure>\n\t\t<\/div>\n\n","protected":false},"excerpt":{"rendered":"<p>El viernes 26 de octubre tuvo lugar en el Sal\u00f3n Comunitario de Pellegrini y Honorio Pueyrred\u00f3n, la asamblea anual ordinaria de la Cooperativa de Provisi\u00f3n de Servicios El\u00e9ctricos, P\u00fablicos y Sociales de San Pedro, con un orden del d\u00eda en el que se trataron diferentes puntos incluyendo la renovaci\u00f3n de autoridades. Con la lectura previa [&hellip;]<\/p>\n","protected":false},"author":4,"featured_media":42557,"comment_status":"open","ping_status":"closed","sticky":false,"template":"","format":"standard","meta":{"om_disable_all_campaigns":false,"_jetpack_memberships_contains_paid_content":false,"footnotes":""},"categories":[101,2],"tags":[],"class_list":["post-42554","post","type-post","status-publish","format-standard","has-post-thumbnail","hentry","category-interes-general-locales","category-locales"],"aioseo_notices":[],"gutentor_comment":0,"jetpack_featured_media_url":"https:\/\/eldiariodesanpedro.com.ar\/sitio\/wp-content\/uploads\/2018\/10\/a4.jpg","jetpack_shortlink":"https:\/\/wp.me\/p6RhLt-b4m","jetpack_sharing_enabled":true,"_links":{"self":[{"href":"https:\/\/eldiariodesanpedro.com.ar\/sitio\/wp-json\/wp\/v2\/posts\/42554","targetHints":{"allow":["GET"]}}],"collection":[{"href":"https:\/\/eldiariodesanpedro.com.ar\/sitio\/wp-json\/wp\/v2\/posts"}],"about":[{"href":"https:\/\/eldiariodesanpedro.com.ar\/sitio\/wp-json\/wp\/v2\/types\/post"}],"author":[{"embeddable":true,"href":"https:\/\/eldiariodesanpedro.com.ar\/sitio\/wp-json\/wp\/v2\/users\/4"}],"replies":[{"embeddable":true,"href":"https:\/\/eldiariodesanpedro.com.ar\/sitio\/wp-json\/wp\/v2\/comments?post=42554"}],"version-history":[{"count":1,"href":"https:\/\/eldiariodesanpedro.com.ar\/sitio\/wp-json\/wp\/v2\/posts\/42554\/revisions"}],"predecessor-version":[{"id":42559,"href":"https:\/\/eldiariodesanpedro.com.ar\/sitio\/wp-json\/wp\/v2\/posts\/42554\/revisions\/42559"}],"wp:featuredmedia":[{"embeddable":true,"href":"https:\/\/eldiariodesanpedro.com.ar\/sitio\/wp-json\/wp\/v2\/media\/42557"}],"wp:attachment":[{"href":"https:\/\/eldiariodesanpedro.com.ar\/sitio\/wp-json\/wp\/v2\/media?parent=42554"}],"wp:term":[{"taxonomy":"category","embeddable":true,"href":"https:\/\/eldiariodesanpedro.com.ar\/sitio\/wp-json\/wp\/v2\/categories?post=42554"},{"taxonomy":"post_tag","embeddable":true,"href":"https:\/\/eldiariodesanpedro.com.ar\/sitio\/wp-json\/wp\/v2\/tags?post=42554"}],"curies":[{"name":"wp","href":"https:\/\/api.w.org\/{rel}","templated":true}]}}