{"id":42550,"date":"2018-10-26T21:27:37","date_gmt":"2018-10-27T00:27:37","guid":{"rendered":"https:\/\/eldiariodesanpedro.com.ar\/sitio\/?p=42550"},"modified":"2026-01-24T00:09:11","modified_gmt":"2026-01-24T03:09:11","slug":"minivoley-segundo-encuentro-nacional-de-mini-voley","status":"publish","type":"post","link":"https:\/\/eldiariodesanpedro.com.ar\/sitio\/minivoley-segundo-encuentro-nacional-de-mini-voley\/","title":{"rendered":"MINIV\u00d3LEY: Segundo encuentro nacional de Mini v\u00f3ley"},"content":{"rendered":"<p><!-- VideographyWP Plugin Message: Automatic video embedding prevented by plugin options. --><br \/>\n  Desde ma\u00f1ana a las 13 hs con la presencia m\u00e1s de 400 chicos de 20 clubes del interior del pa\u00eds el club tendr\u00e1 la segunda edici\u00f3n del Encuentro Nacional de Mini v\u00f3ley que incluir\u00e1 adem\u00e1s de partidos en diversas canchas, espect\u00e1culos art\u00edsticos y una carpa de arte v\u00f3ley.<br \/>\n  Se espera la visita de delegaciones de Rosario, C\u00f3rdoba, Peyrano, Santa Fe y de la zona sur de la Provincia de Buenos Aires. El s\u00e1bado a la noche habr\u00e1 adem\u00e1s fog\u00f3n y otras actividades organizadas por los profesores y la subcomisi\u00f3n de V\u00f3ley Club N\u00e1utico San Pedro.<\/p>\n","protected":false},"excerpt":{"rendered":"<p>Desde ma\u00f1ana a las 13 hs con la presencia m\u00e1s de 400 chicos de 20 clubes del interior del pa\u00eds el club tendr\u00e1 la segunda edici\u00f3n del Encuentro Nacional de Mini v\u00f3ley que incluir\u00e1 adem\u00e1s de partidos en diversas canchas, espect\u00e1culos art\u00edsticos y una carpa de arte v\u00f3ley. Se espera la visita de delegaciones de [&hellip;]<\/p>\n","protected":false},"author":4,"featured_media":42551,"comment_status":"open","ping_status":"closed","sticky":false,"template":"","format":"standard","meta":{"om_disable_all_campaigns":false,"_jetpack_memberships_contains_paid_content":false,"footnotes":""},"categories":[5],"tags":[],"class_list":["post-42550","post","type-post","status-publish","format-standard","has-post-thumbnail","hentry","category-deportes"],"aioseo_notices":[],"gutentor_comment":0,"jetpack_featured_media_url":"https:\/\/eldiariodesanpedro.com.ar\/sitio\/wp-content\/uploads\/2018\/10\/Foto-2-27-10-18-voley.jpg","jetpack_shortlink":"https:\/\/wp.me\/p6RhLt-b4i","jetpack_sharing_enabled":true,"_links":{"self":[{"href":"https:\/\/eldiariodesanpedro.com.ar\/sitio\/wp-json\/wp\/v2\/posts\/42550","targetHints":{"allow":["GET"]}}],"collection":[{"href":"https:\/\/eldiariodesanpedro.com.ar\/sitio\/wp-json\/wp\/v2\/posts"}],"about":[{"href":"https:\/\/eldiariodesanpedro.com.ar\/sitio\/wp-json\/wp\/v2\/types\/post"}],"author":[{"embeddable":true,"href":"https:\/\/eldiariodesanpedro.com.ar\/sitio\/wp-json\/wp\/v2\/users\/4"}],"replies":[{"embeddable":true,"href":"https:\/\/eldiariodesanpedro.com.ar\/sitio\/wp-json\/wp\/v2\/comments?post=42550"}],"version-history":[{"count":1,"href":"https:\/\/eldiariodesanpedro.com.ar\/sitio\/wp-json\/wp\/v2\/posts\/42550\/revisions"}],"predecessor-version":[{"id":42553,"href":"https:\/\/eldiariodesanpedro.com.ar\/sitio\/wp-json\/wp\/v2\/posts\/42550\/revisions\/42553"}],"wp:featuredmedia":[{"embeddable":true,"href":"https:\/\/eldiariodesanpedro.com.ar\/sitio\/wp-json\/wp\/v2\/media\/42551"}],"wp:attachment":[{"href":"https:\/\/eldiariodesanpedro.com.ar\/sitio\/wp-json\/wp\/v2\/media?parent=42550"}],"wp:term":[{"taxonomy":"category","embeddable":true,"href":"https:\/\/eldiariodesanpedro.com.ar\/sitio\/wp-json\/wp\/v2\/categories?post=42550"},{"taxonomy":"post_tag","embeddable":true,"href":"https:\/\/eldiariodesanpedro.com.ar\/sitio\/wp-json\/wp\/v2\/tags?post=42550"}],"curies":[{"name":"wp","href":"https:\/\/api.w.org\/{rel}","templated":true}]}}