{"id":42533,"date":"2018-10-26T21:14:50","date_gmt":"2018-10-27T00:14:50","guid":{"rendered":"https:\/\/eldiariodesanpedro.com.ar\/sitio\/?p=42533"},"modified":"2018-10-26T21:14:50","modified_gmt":"2018-10-27T00:14:50","slug":"arrecifes-reina-del-automovilismo-aseguran-que-el-jurado-habia-elegido-a-otra-concursante","status":"publish","type":"post","link":"https:\/\/eldiariodesanpedro.com.ar\/sitio\/arrecifes-reina-del-automovilismo-aseguran-que-el-jurado-habia-elegido-a-otra-concursante\/","title":{"rendered":"ARRECIFES: Reina del Automovilismo, aseguran que el jurado hab\u00eda elegido a otra concursante"},"content":{"rendered":"<p><!-- VideographyWP Plugin Message: Automatic video embedding prevented by plugin options. --><br \/>\nEste martes se viraliz\u00f3 la captura de pantalla de un mensaje que, aparentemente, un jurado le habr\u00eda enviado a una de las postulantes a Reina Provincial del Automovilismo Arrecifes 2018. \u201cTe hab\u00edamos elegido como reina todo el jurado. Pero nos hicieron elegirla s\u00ed o s\u00ed a Camila Rodr\u00edguez. Estaba acomodada. Quer\u00eda que lo sepas. Un beso\u201d, dec\u00eda ese mensaje.<\/p>\n<p>  La postulante que lo recibi\u00f3, sorprendida, se lo habr\u00e1 pasado a alguna persona conocida y despu\u00e9s se viraliz\u00f3 por las redes sociales. Las elecciones en cert\u00e1menes de belleza siempre estuvieron envueltos en sospechas, no s\u00f3lo en Arrecifes; lo que no se sabe si es un mito o una realidad. Por ello, los comentarios debajo de esa captura de pantalla fueron much\u00edsimos y casi todos muy negativos hacia las decisiones de los jurados. Pero, a decir verdad, ninguno con datos certeros de alguna \u201ctrampa\u201d. <\/p>\n<p><strong>LA REALIDAD<\/strong><br \/>\n  Desde este medio nos contactamos con la mayor\u00eda de los jurados y con la coordinadora del desfile, Pirucha Alfaro, y por los distintos testimonios que recibimos llegamos a la conclusi\u00f3n que no hubo irregularidades en la elecci\u00f3n de Camila Rodr\u00edguez como reina.<br \/>\n  Luego de las distintas pasadas por la pasarela de las postulantes, y de charlas que mantuvieron con ellas los jurados, se lleg\u00f3 a una decisi\u00f3n final entre Camila y Shirley Hanley. Las opiniones estaban divididas. \u201cSe debati\u00f3 mucho, ya que las dos chicas son muy lindas\u201d, reconoci\u00f3 uno de los jurados. Ante esa situaci\u00f3n, Pirucha Alfaro reconoci\u00f3 que lo \u00fanico que hizo es limitarse a opinar: \u201cPregunt\u00e9 las edades de las chicas y me dijeron que una ten\u00eda 18 y la otra 16. Entonces dije que yo me inclinar\u00eda por la de 18, sin dudas, por una cuesti\u00f3n de madurez. Pero s\u00f3lo opin\u00e9 eso, no interfer\u00ed en nada\u201d.<br \/>\n  No obstante, la coordinadora del desfile sostuvo que no va a hacer declaraciones p\u00fablicas por recomendaci\u00f3n de su abogada, que va a iniciar acciones legales hacia quienes la difamaron. Y se mostr\u00f3 muy dolida.<br \/>\nLas palabras de Pirucha fueron avaladas por la mayor\u00eda de los jurados con los que hablamos: \u201cNosotros no tuvimos ning\u00fan tipo de presi\u00f3n, votamos seg\u00fan nuestro parecer, en una decisi\u00f3n muy dif\u00edcil porque cualquiera de las dos merec\u00eda ser reina\u201d.<br \/>\n  Los jurados eligieron de la siguiente manera: Nicol\u00e1s Trosset, Carina Papini y Adriana Reschia se inclinaron por Camila Rodr\u00edguez; mientras que Juan Tom\u00e1s Catal\u00e1n Magni y Sandra Adrover lo hicieron por Shirley Hanley. Por tres votos a dos, result\u00f3 ganadora Camila, sin misterios.<br \/>\n  El l\u00edo se desat\u00f3 cuando uno de los jurados le envi\u00f3 el mensaje de la pol\u00e9mica a Shirley. Esta persona que integr\u00f3 el jurado s\u00ed dijo haberse sentido presionada y estafada en su buena voluntad, pero prefiere dejar el tema ac\u00e1.<\/p>\n","protected":false},"excerpt":{"rendered":"<p>Este martes se viraliz\u00f3 la captura de pantalla de un mensaje que, aparentemente, un jurado le habr\u00eda enviado a una de las postulantes a Reina Provincial del Automovilismo Arrecifes 2018. \u201cTe hab\u00edamos elegido como reina todo el jurado. Pero nos hicieron elegirla s\u00ed o s\u00ed a Camila Rodr\u00edguez. Estaba acomodada. Quer\u00eda que lo sepas. Un [&hellip;]<\/p>\n","protected":false},"author":4,"featured_media":42534,"comment_status":"open","ping_status":"closed","sticky":false,"template":"","format":"standard","meta":{"om_disable_all_campaigns":false,"_jetpack_memberships_contains_paid_content":false,"footnotes":""},"categories":[621],"tags":[],"class_list":["post-42533","post","type-post","status-publish","format-standard","has-post-thumbnail","hentry","category-regionales"],"aioseo_notices":[],"gutentor_comment":0,"jetpack_featured_media_url":"https:\/\/eldiariodesanpedro.com.ar\/sitio\/wp-content\/uploads\/2018\/10\/PAGINA-7-3.jpg","jetpack_shortlink":"https:\/\/wp.me\/p6RhLt-b41","jetpack_sharing_enabled":true,"_links":{"self":[{"href":"https:\/\/eldiariodesanpedro.com.ar\/sitio\/wp-json\/wp\/v2\/posts\/42533","targetHints":{"allow":["GET"]}}],"collection":[{"href":"https:\/\/eldiariodesanpedro.com.ar\/sitio\/wp-json\/wp\/v2\/posts"}],"about":[{"href":"https:\/\/eldiariodesanpedro.com.ar\/sitio\/wp-json\/wp\/v2\/types\/post"}],"author":[{"embeddable":true,"href":"https:\/\/eldiariodesanpedro.com.ar\/sitio\/wp-json\/wp\/v2\/users\/4"}],"replies":[{"embeddable":true,"href":"https:\/\/eldiariodesanpedro.com.ar\/sitio\/wp-json\/wp\/v2\/comments?post=42533"}],"version-history":[{"count":1,"href":"https:\/\/eldiariodesanpedro.com.ar\/sitio\/wp-json\/wp\/v2\/posts\/42533\/revisions"}],"predecessor-version":[{"id":42537,"href":"https:\/\/eldiariodesanpedro.com.ar\/sitio\/wp-json\/wp\/v2\/posts\/42533\/revisions\/42537"}],"wp:featuredmedia":[{"embeddable":true,"href":"https:\/\/eldiariodesanpedro.com.ar\/sitio\/wp-json\/wp\/v2\/media\/42534"}],"wp:attachment":[{"href":"https:\/\/eldiariodesanpedro.com.ar\/sitio\/wp-json\/wp\/v2\/media?parent=42533"}],"wp:term":[{"taxonomy":"category","embeddable":true,"href":"https:\/\/eldiariodesanpedro.com.ar\/sitio\/wp-json\/wp\/v2\/categories?post=42533"},{"taxonomy":"post_tag","embeddable":true,"href":"https:\/\/eldiariodesanpedro.com.ar\/sitio\/wp-json\/wp\/v2\/tags?post=42533"}],"curies":[{"name":"wp","href":"https:\/\/api.w.org\/{rel}","templated":true}]}}