{"id":42528,"date":"2018-10-26T21:06:30","date_gmt":"2018-10-27T00:06:30","guid":{"rendered":"https:\/\/eldiariodesanpedro.com.ar\/sitio\/?p=42528"},"modified":"2018-10-26T21:06:30","modified_gmt":"2018-10-27T00:06:30","slug":"ramallo-montenegro-la-recesion-tiene-por-lo-menos-seis-meses-por-delante","status":"publish","type":"post","link":"https:\/\/eldiariodesanpedro.com.ar\/sitio\/ramallo-montenegro-la-recesion-tiene-por-lo-menos-seis-meses-por-delante\/","title":{"rendered":"RAMALLO Montenegro: \u201cLa recesi\u00f3n tiene por lo menos seis meses por delante\u201d"},"content":{"rendered":"<p><!-- VideographyWP Plugin Message: Automatic video embedding prevented by plugin options. --><br \/>\nEl economista fue invitado por la Cooperativa Agropecuaria de La Violeta a dar una charla en el Centro de Jubilados y Pensionados de Villa Ramallo destinada a productores y asociados sobre la situaci\u00f3n econ\u00f3mica actual.<\/p>\n<p> Con una muy buena concurrencia, el economista Maximiliano Montenegro disert\u00f3 y acept\u00f3 preguntas de los presentes este martes en el centro de Jubilados de Villa Ramallo. Fue invitado por la Cooperativa Agropecuaria de La Violeta con el fin de analizar la situaci\u00f3n econ\u00f3mica actual.<br \/>\n  Despu\u00e9s de la charla abierta, se realiz\u00f3 una peque\u00f1a ronda period\u00edstica. Ante la consulta sobre si el gobierno ten\u00eda conciencia del da\u00f1o que estaban provocando las pol\u00edticas econ\u00f3micas a la econom\u00eda real, explic\u00f3: \u201cDebe haber cierta conciencia del da\u00f1o a la econom\u00eda real, pero la evaluaci\u00f3n que hacen en el gobierno es que si no se aplicara esta pol\u00edtica, la alternativa era la espiralizaci\u00f3n del d\u00f3lar y la inflaci\u00f3n y la crisis ser\u00eda todav\u00eda mayor. Es una pol\u00edtica muy da\u00f1ina para la econom\u00eda real, no se puede sostener mucho tiempo porque quiebran una gran cantidad empresas, sobre todo peque\u00f1as y medianas. Nadie puede pensar que es una pol\u00edtica virtuosa, es de emergencia, de estabilizaci\u00f3n\u201d, indic\u00f3.<br \/>\n  Nadie ve la luz al final del t\u00fanel. \u201cEl Banco Central reconoce en sus informes de indicadores l\u00edderes, que no hay ning\u00fan indicio de recuperaci\u00f3n, o se a que la recesi\u00f3n tiene por lo menos seis meses por delante, no se ve una salida, ning\u00fan indicador que est\u00e9 mostrando que se puede recuperar\u201d.<br \/>\n  Posteriormente, reconoci\u00f3 que hubo decisiones equivocadas. \u201cMe sorprendi\u00f3 negativamente como han manejado la corrida cambiaria. Creo que ha sido un error garrafal, primero defender el d\u00f3lar a veinte pesos, cuando todos sab\u00edan que era super barato, que generaba un d\u00e9ficit externo enorme.  Aun as\u00ed, el gobierno se empecin\u00f3 en vender m\u00e1s de 5 mil millones de d\u00f3lares generando la corrida. Otro error fue ir al FMI, fue una decisi\u00f3n desesperada que fue contraproducente, gener\u00f3 m\u00e1s desconcierto y temor sobre todo en los argentinos, corrieron todav\u00eda m\u00e1s al d\u00f3lar\u201d, cuestion\u00f3.<\/p>\n<p>Fuente: Meta fm<\/p>\n","protected":false},"excerpt":{"rendered":"<p>El economista fue invitado por la Cooperativa Agropecuaria de La Violeta a dar una charla en el Centro de Jubilados y Pensionados de Villa Ramallo destinada a productores y asociados sobre la situaci\u00f3n econ\u00f3mica actual. Con una muy buena concurrencia, el economista Maximiliano Montenegro disert\u00f3 y acept\u00f3 preguntas de los presentes este martes en el [&hellip;]<\/p>\n","protected":false},"author":4,"featured_media":42529,"comment_status":"open","ping_status":"closed","sticky":false,"template":"","format":"standard","meta":{"om_disable_all_campaigns":false,"_jetpack_memberships_contains_paid_content":false,"footnotes":""},"categories":[621],"tags":[],"class_list":["post-42528","post","type-post","status-publish","format-standard","has-post-thumbnail","hentry","category-regionales"],"aioseo_notices":[],"gutentor_comment":0,"jetpack_featured_media_url":"https:\/\/eldiariodesanpedro.com.ar\/sitio\/wp-content\/uploads\/2018\/10\/montenegro-fue-invitado-por-la-Cooperativa-Agropecuaria-de-La-Violeta.jpg","jetpack_shortlink":"https:\/\/wp.me\/p6RhLt-b3W","jetpack_sharing_enabled":true,"_links":{"self":[{"href":"https:\/\/eldiariodesanpedro.com.ar\/sitio\/wp-json\/wp\/v2\/posts\/42528","targetHints":{"allow":["GET"]}}],"collection":[{"href":"https:\/\/eldiariodesanpedro.com.ar\/sitio\/wp-json\/wp\/v2\/posts"}],"about":[{"href":"https:\/\/eldiariodesanpedro.com.ar\/sitio\/wp-json\/wp\/v2\/types\/post"}],"author":[{"embeddable":true,"href":"https:\/\/eldiariodesanpedro.com.ar\/sitio\/wp-json\/wp\/v2\/users\/4"}],"replies":[{"embeddable":true,"href":"https:\/\/eldiariodesanpedro.com.ar\/sitio\/wp-json\/wp\/v2\/comments?post=42528"}],"version-history":[{"count":1,"href":"https:\/\/eldiariodesanpedro.com.ar\/sitio\/wp-json\/wp\/v2\/posts\/42528\/revisions"}],"predecessor-version":[{"id":42532,"href":"https:\/\/eldiariodesanpedro.com.ar\/sitio\/wp-json\/wp\/v2\/posts\/42528\/revisions\/42532"}],"wp:featuredmedia":[{"embeddable":true,"href":"https:\/\/eldiariodesanpedro.com.ar\/sitio\/wp-json\/wp\/v2\/media\/42529"}],"wp:attachment":[{"href":"https:\/\/eldiariodesanpedro.com.ar\/sitio\/wp-json\/wp\/v2\/media?parent=42528"}],"wp:term":[{"taxonomy":"category","embeddable":true,"href":"https:\/\/eldiariodesanpedro.com.ar\/sitio\/wp-json\/wp\/v2\/categories?post=42528"},{"taxonomy":"post_tag","embeddable":true,"href":"https:\/\/eldiariodesanpedro.com.ar\/sitio\/wp-json\/wp\/v2\/tags?post=42528"}],"curies":[{"name":"wp","href":"https:\/\/api.w.org\/{rel}","templated":true}]}}