{"id":42522,"date":"2018-10-26T20:59:45","date_gmt":"2018-10-26T23:59:45","guid":{"rendered":"https:\/\/eldiariodesanpedro.com.ar\/sitio\/?p=42522"},"modified":"2018-10-26T20:59:45","modified_gmt":"2018-10-26T23:59:45","slug":"san-nicolas-buscaban-elementos-robados-y-encontraron-armas","status":"publish","type":"post","link":"https:\/\/eldiariodesanpedro.com.ar\/sitio\/san-nicolas-buscaban-elementos-robados-y-encontraron-armas\/","title":{"rendered":"SAN NICOL\u00c1S: Buscaban elementos robados y encontraron armas"},"content":{"rendered":"<p><!-- VideographyWP Plugin Message: Automatic video embedding prevented by plugin options. --><br \/>\nEfectivos policiales junto a la UFI N\u00ba 6 efectuaron un allanamiento en un domicilio de calle Mansilla al 916 del barrio Virgen del Luj\u00e1n que arroj\u00f3 resultados positivos. La diligencia se efectu\u00f3 tras una denuncia de Hurto. <\/p>\n<p>  En el lugar no se encontraron elementos robados, pero se secuestr\u00f3 una escopeta calibre 16, un pistol\u00f3n, dos rifles calibre 22, 17 cartuchos calibre 16 y 2 cartuchos calibre 14.<br \/>\n  Se labraron actuaciones por Tenencia Ilegal de Arma de Uso Civil.<\/p>\n<p>Fuente: Diario El Informante<\/p>\n","protected":false},"excerpt":{"rendered":"<p>Efectivos policiales junto a la UFI N\u00ba 6 efectuaron un allanamiento en un domicilio de calle Mansilla al 916 del barrio Virgen del Luj\u00e1n que arroj\u00f3 resultados positivos. La diligencia se efectu\u00f3 tras una denuncia de Hurto. En el lugar no se encontraron elementos robados, pero se secuestr\u00f3 una escopeta calibre 16, un pistol\u00f3n, dos [&hellip;]<\/p>\n","protected":false},"author":4,"featured_media":42524,"comment_status":"open","ping_status":"closed","sticky":false,"template":"","format":"standard","meta":{"om_disable_all_campaigns":false,"_jetpack_memberships_contains_paid_content":false,"footnotes":""},"categories":[621],"tags":[],"class_list":["post-42522","post","type-post","status-publish","format-standard","has-post-thumbnail","hentry","category-regionales"],"aioseo_notices":[],"gutentor_comment":0,"jetpack_featured_media_url":"https:\/\/eldiariodesanpedro.com.ar\/sitio\/wp-content\/uploads\/2018\/10\/PAGINA-6-7.jpg","jetpack_shortlink":"https:\/\/wp.me\/p6RhLt-b3Q","jetpack_sharing_enabled":true,"_links":{"self":[{"href":"https:\/\/eldiariodesanpedro.com.ar\/sitio\/wp-json\/wp\/v2\/posts\/42522","targetHints":{"allow":["GET"]}}],"collection":[{"href":"https:\/\/eldiariodesanpedro.com.ar\/sitio\/wp-json\/wp\/v2\/posts"}],"about":[{"href":"https:\/\/eldiariodesanpedro.com.ar\/sitio\/wp-json\/wp\/v2\/types\/post"}],"author":[{"embeddable":true,"href":"https:\/\/eldiariodesanpedro.com.ar\/sitio\/wp-json\/wp\/v2\/users\/4"}],"replies":[{"embeddable":true,"href":"https:\/\/eldiariodesanpedro.com.ar\/sitio\/wp-json\/wp\/v2\/comments?post=42522"}],"version-history":[{"count":1,"href":"https:\/\/eldiariodesanpedro.com.ar\/sitio\/wp-json\/wp\/v2\/posts\/42522\/revisions"}],"predecessor-version":[{"id":42526,"href":"https:\/\/eldiariodesanpedro.com.ar\/sitio\/wp-json\/wp\/v2\/posts\/42522\/revisions\/42526"}],"wp:featuredmedia":[{"embeddable":true,"href":"https:\/\/eldiariodesanpedro.com.ar\/sitio\/wp-json\/wp\/v2\/media\/42524"}],"wp:attachment":[{"href":"https:\/\/eldiariodesanpedro.com.ar\/sitio\/wp-json\/wp\/v2\/media?parent=42522"}],"wp:term":[{"taxonomy":"category","embeddable":true,"href":"https:\/\/eldiariodesanpedro.com.ar\/sitio\/wp-json\/wp\/v2\/categories?post=42522"},{"taxonomy":"post_tag","embeddable":true,"href":"https:\/\/eldiariodesanpedro.com.ar\/sitio\/wp-json\/wp\/v2\/tags?post=42522"}],"curies":[{"name":"wp","href":"https:\/\/api.w.org\/{rel}","templated":true}]}}