{"id":42520,"date":"2018-10-26T20:59:22","date_gmt":"2018-10-26T23:59:22","guid":{"rendered":"https:\/\/eldiariodesanpedro.com.ar\/sitio\/?p=42520"},"modified":"2018-10-26T20:59:22","modified_gmt":"2018-10-26T23:59:22","slug":"arrecifes-sujetos-encapuchados-convocaron-a-un-saqueo","status":"publish","type":"post","link":"https:\/\/eldiariodesanpedro.com.ar\/sitio\/arrecifes-sujetos-encapuchados-convocaron-a-un-saqueo\/","title":{"rendered":"ARRECIFES: Sujetos encapuchados convocaron a un saqueo"},"content":{"rendered":"<p><!-- VideographyWP Plugin Message: Automatic video embedding prevented by plugin options. --><br \/>\nEn las \u00faltimas horas de este mi\u00e9rcoles comenz\u00f3 a viralizarse un video a trav\u00e9s de WhatsApp en el que dos sujetos encapuchados convocan a un saqueo de supermercados en Arrecifes. Por el tono en que lo hacen, parece una broma.<\/p>\n<p>  \u201cA ver si nos hacen el aguante la gente de Arrecifes, vamos a hacer un saqueo para todos los carenciados, porque estamos hasta las manos, cagados de hambre. A ver si nos ayudan, nos vamos contra los chinos, que no tienen que estar ac\u00e1. Que nos regalen todo, los vamos a saquear. Si les da la nafta a los pibes, que nos hagan el aguante. Vamos a estar a las siete de la tarde en la Escuela 29 y de ah\u00ed arrancamos. Si te da la nafta, amigo, m\u00e1s vale que vayas\u201d, invita uno de ellos.<br \/>\n  Est\u00e1 claro que un saqueo no se organiza difundiendo p\u00fablicamente d\u00eda, hora y lugar, porque alerta a la polic\u00eda a que vaya a impedirlo. No obstante, trascendi\u00f3 que las autoridades de seguridad de la ciudad tomaron cartas en el asunto, por las dudas. Incluso afirman que ya se dio con las personas que grabaron este video y con, supuestamente, la gente que los incit\u00f3 a hacerlo, como medida preventiva.<\/p>\n<p>Fuente: Arrecifes Noticias<\/p>\n","protected":false},"excerpt":{"rendered":"<p>En las \u00faltimas horas de este mi\u00e9rcoles comenz\u00f3 a viralizarse un video a trav\u00e9s de WhatsApp en el que dos sujetos encapuchados convocan a un saqueo de supermercados en Arrecifes. Por el tono en que lo hacen, parece una broma. \u201cA ver si nos hacen el aguante la gente de Arrecifes, vamos a hacer un [&hellip;]<\/p>\n","protected":false},"author":4,"featured_media":42523,"comment_status":"open","ping_status":"closed","sticky":false,"template":"","format":"standard","meta":{"om_disable_all_campaigns":false,"_jetpack_memberships_contains_paid_content":false,"footnotes":""},"categories":[621],"tags":[],"class_list":["post-42520","post","type-post","status-publish","format-standard","has-post-thumbnail","hentry","category-regionales"],"aioseo_notices":[],"gutentor_comment":0,"jetpack_featured_media_url":"https:\/\/eldiariodesanpedro.com.ar\/sitio\/wp-content\/uploads\/2018\/10\/Sujetos-encapuchados-convocaron-a-un-saqueo.jpg","jetpack_shortlink":"https:\/\/wp.me\/p6RhLt-b3O","jetpack_sharing_enabled":true,"_links":{"self":[{"href":"https:\/\/eldiariodesanpedro.com.ar\/sitio\/wp-json\/wp\/v2\/posts\/42520","targetHints":{"allow":["GET"]}}],"collection":[{"href":"https:\/\/eldiariodesanpedro.com.ar\/sitio\/wp-json\/wp\/v2\/posts"}],"about":[{"href":"https:\/\/eldiariodesanpedro.com.ar\/sitio\/wp-json\/wp\/v2\/types\/post"}],"author":[{"embeddable":true,"href":"https:\/\/eldiariodesanpedro.com.ar\/sitio\/wp-json\/wp\/v2\/users\/4"}],"replies":[{"embeddable":true,"href":"https:\/\/eldiariodesanpedro.com.ar\/sitio\/wp-json\/wp\/v2\/comments?post=42520"}],"version-history":[{"count":1,"href":"https:\/\/eldiariodesanpedro.com.ar\/sitio\/wp-json\/wp\/v2\/posts\/42520\/revisions"}],"predecessor-version":[{"id":42525,"href":"https:\/\/eldiariodesanpedro.com.ar\/sitio\/wp-json\/wp\/v2\/posts\/42520\/revisions\/42525"}],"wp:featuredmedia":[{"embeddable":true,"href":"https:\/\/eldiariodesanpedro.com.ar\/sitio\/wp-json\/wp\/v2\/media\/42523"}],"wp:attachment":[{"href":"https:\/\/eldiariodesanpedro.com.ar\/sitio\/wp-json\/wp\/v2\/media?parent=42520"}],"wp:term":[{"taxonomy":"category","embeddable":true,"href":"https:\/\/eldiariodesanpedro.com.ar\/sitio\/wp-json\/wp\/v2\/categories?post=42520"},{"taxonomy":"post_tag","embeddable":true,"href":"https:\/\/eldiariodesanpedro.com.ar\/sitio\/wp-json\/wp\/v2\/tags?post=42520"}],"curies":[{"name":"wp","href":"https:\/\/api.w.org\/{rel}","templated":true}]}}