{"id":42516,"date":"2018-10-26T20:55:29","date_gmt":"2018-10-26T23:55:29","guid":{"rendered":"https:\/\/eldiariodesanpedro.com.ar\/sitio\/?p=42516"},"modified":"2018-10-26T20:55:29","modified_gmt":"2018-10-26T23:55:29","slug":"descubren-a-malvivientes-con-frondosos-antecedentes-vinculados-a-la-comercializacion-de-estupefacientes","status":"publish","type":"post","link":"https:\/\/eldiariodesanpedro.com.ar\/sitio\/descubren-a-malvivientes-con-frondosos-antecedentes-vinculados-a-la-comercializacion-de-estupefacientes\/","title":{"rendered":"Descubren a malvivientes con frondosos antecedentes vinculados a la comercializaci\u00f3n de estupefacientes"},"content":{"rendered":"<p><!-- VideographyWP Plugin Message: Automatic video embedding prevented by plugin options. --><br \/>\nHace unos d\u00edas se conoci\u00f3 la noticia sobre un joven mayor de edad que hab\u00eda ingresado a la Guardia con disparos de arma de fuego en miembros inferiores. Personal policial luego de las averiguaciones correspondientes, supieron que hab\u00eda participado de un enfrentamiento armado con otro sujeto. Tom\u00f3 intervenci\u00f3n la Fiscal\u00eda N\u00ba5 del Dr. Marcelo Manso y comenz\u00f3 una investigaci\u00f3n.<\/p>\n<p>  Mediante averiguaciones se pudo establecer que se trat\u00f3 de un ajuste de cuentas entre un grupo de consumidores de estupefacientes y sus proveedores. As\u00ed es como tom\u00f3 intervenci\u00f3n personal de la (Delegaci\u00f3n Departamental de Tr\u00e1fico de Drogas Il\u00edcitas y Crimen Organizado) DDITDI y CO, San Nicol\u00e1s, quienes realizaron tareas investigativas y se logr\u00f3 la individualizaci\u00f3n de todos los participantes del conflicto, resultando varios de ellos, malvivientes de alta peligrosidad, con frondosos antecedentes penales por diferentes delitos, entre ellos la comercializaci\u00f3n de estupefacientes y homicidio.<br \/>\n  Las tareas encubiertas en los domicilios de quienes comercializaban drogas arrojaron resultados positivos en cuanto a movimientos compatibles con la actividad. Se solicitaron 7 \u00f3rdenes de allanamiento en la ciudad: Caseros al 1900, Humanes al 400, H. Indio 2100, Brenan 1300, Javier Rivero 1800 y 2 domicilios en Ansaloni entre Cucit y Nieto de Torres, las que fueron otorgadas por el Juez de Garant\u00edas 2 Ricardo Luis Prati y diligenciadas en el d\u00eda de la fecha entre las 02 y 05 hs por personal de la DDITDI y CO, San Nicol\u00e1s, P.F.A. y Comisar\u00eda local.<br \/>\n  Los resultados fueron positivos: se secuestraron tres plantas de cannabis sativa, un bloque de marihuana compactada que supera los 100 gr, 50 envoltorios de nylon con coca\u00edna listos para su comercializaci\u00f3n, utensilios con vestigios de la misma sustancia, tel\u00e9fonos celulares, 10 proyectiles calibre 22; tambi\u00e9n se procedi\u00f3 a la aprehensi\u00f3n de dos mayores de edad (un hombre y una mujer), que permanecen alojados en la comisar\u00eda local y el d\u00eda de la fecha ser\u00e1n trasladados a sede judicial a los fines de receptarles declaraci\u00f3n a tenor del 308.<\/p>\n<p><img decoding=\"async\" data-attachment-id=\"42519\" data-permalink=\"https:\/\/eldiariodesanpedro.com.ar\/sitio\/descubren-a-malvivientes-con-frondosos-antecedentes-vinculados-a-la-comercializacion-de-estupefacientes\/pagina-5-dos-9\/\" data-orig-file=\"https:\/\/eldiariodesanpedro.com.ar\/sitio\/wp-content\/uploads\/2018\/10\/PAGINA-5-DOS.jpeg\" data-orig-size=\"614,1023\" data-comments-opened=\"1\" data-image-meta=\"{&quot;aperture&quot;:&quot;0&quot;,&quot;credit&quot;:&quot;&quot;,&quot;camera&quot;:&quot;&quot;,&quot;caption&quot;:&quot;&quot;,&quot;created_timestamp&quot;:&quot;0&quot;,&quot;copyright&quot;:&quot;&quot;,&quot;focal_length&quot;:&quot;0&quot;,&quot;iso&quot;:&quot;0&quot;,&quot;shutter_speed&quot;:&quot;0&quot;,&quot;title&quot;:&quot;&quot;,&quot;orientation&quot;:&quot;0&quot;}\" data-image-title=\"PAGINA 5 DOS\" data-image-description=\"\" data-image-caption=\"\" data-large-file=\"https:\/\/eldiariodesanpedro.com.ar\/sitio\/wp-content\/uploads\/2018\/10\/PAGINA-5-DOS.jpeg\" data-src=\"https:\/\/eldiariodesanpedro.com.ar\/sitio\/wp-content\/uploads\/2018\/10\/PAGINA-5-DOS.jpeg\" alt=\"\" width=\"614\" height=\"1023\" class=\"alignnone size-full wp-image-42519 lazyload\" data-srcset=\"https:\/\/eldiariodesanpedro.com.ar\/sitio\/wp-content\/uploads\/2018\/10\/PAGINA-5-DOS.jpeg 614w, https:\/\/eldiariodesanpedro.com.ar\/sitio\/wp-content\/uploads\/2018\/10\/PAGINA-5-DOS-180x300.jpeg 180w\" data-sizes=\"(max-width: 614px) 100vw, 614px\" src=\"data:image\/svg+xml;base64,PHN2ZyB3aWR0aD0iMSIgaGVpZ2h0PSIxIiB4bWxucz0iaHR0cDovL3d3dy53My5vcmcvMjAwMC9zdmciPjwvc3ZnPg==\" style=\"--smush-placeholder-width: 614px; --smush-placeholder-aspect-ratio: 614\/1023;\" \/><\/p>\n","protected":false},"excerpt":{"rendered":"<p>Hace unos d\u00edas se conoci\u00f3 la noticia sobre un joven mayor de edad que hab\u00eda ingresado a la Guardia con disparos de arma de fuego en miembros inferiores. Personal policial luego de las averiguaciones correspondientes, supieron que hab\u00eda participado de un enfrentamiento armado con otro sujeto. Tom\u00f3 intervenci\u00f3n la Fiscal\u00eda N\u00ba5 del Dr. Marcelo Manso [&hellip;]<\/p>\n","protected":false},"author":4,"featured_media":42518,"comment_status":"open","ping_status":"closed","sticky":false,"template":"","format":"standard","meta":{"om_disable_all_campaigns":false,"_jetpack_memberships_contains_paid_content":false,"footnotes":""},"categories":[2,103],"tags":[],"class_list":["post-42516","post","type-post","status-publish","format-standard","has-post-thumbnail","hentry","category-locales","category-policiales-locales"],"aioseo_notices":[],"gutentor_comment":0,"jetpack_featured_media_url":"https:\/\/eldiariodesanpedro.com.ar\/sitio\/wp-content\/uploads\/2018\/10\/Parte-de-la-droga-secuestrada.jpeg","jetpack_shortlink":"https:\/\/wp.me\/p6RhLt-b3K","jetpack_sharing_enabled":true,"_links":{"self":[{"href":"https:\/\/eldiariodesanpedro.com.ar\/sitio\/wp-json\/wp\/v2\/posts\/42516","targetHints":{"allow":["GET"]}}],"collection":[{"href":"https:\/\/eldiariodesanpedro.com.ar\/sitio\/wp-json\/wp\/v2\/posts"}],"about":[{"href":"https:\/\/eldiariodesanpedro.com.ar\/sitio\/wp-json\/wp\/v2\/types\/post"}],"author":[{"embeddable":true,"href":"https:\/\/eldiariodesanpedro.com.ar\/sitio\/wp-json\/wp\/v2\/users\/4"}],"replies":[{"embeddable":true,"href":"https:\/\/eldiariodesanpedro.com.ar\/sitio\/wp-json\/wp\/v2\/comments?post=42516"}],"version-history":[{"count":1,"href":"https:\/\/eldiariodesanpedro.com.ar\/sitio\/wp-json\/wp\/v2\/posts\/42516\/revisions"}],"predecessor-version":[{"id":42521,"href":"https:\/\/eldiariodesanpedro.com.ar\/sitio\/wp-json\/wp\/v2\/posts\/42516\/revisions\/42521"}],"wp:featuredmedia":[{"embeddable":true,"href":"https:\/\/eldiariodesanpedro.com.ar\/sitio\/wp-json\/wp\/v2\/media\/42518"}],"wp:attachment":[{"href":"https:\/\/eldiariodesanpedro.com.ar\/sitio\/wp-json\/wp\/v2\/media?parent=42516"}],"wp:term":[{"taxonomy":"category","embeddable":true,"href":"https:\/\/eldiariodesanpedro.com.ar\/sitio\/wp-json\/wp\/v2\/categories?post=42516"},{"taxonomy":"post_tag","embeddable":true,"href":"https:\/\/eldiariodesanpedro.com.ar\/sitio\/wp-json\/wp\/v2\/tags?post=42516"}],"curies":[{"name":"wp","href":"https:\/\/api.w.org\/{rel}","templated":true}]}}