{"id":42513,"date":"2018-10-26T20:54:22","date_gmt":"2018-10-26T23:54:22","guid":{"rendered":"https:\/\/eldiariodesanpedro.com.ar\/sitio\/?p=42513"},"modified":"2018-10-26T20:54:22","modified_gmt":"2018-10-26T23:54:22","slug":"mayor-cobertura-de-ioma-en-medicamentos","status":"publish","type":"post","link":"https:\/\/eldiariodesanpedro.com.ar\/sitio\/mayor-cobertura-de-ioma-en-medicamentos\/","title":{"rendered":"Mayor cobertura de IOMA en medicamentos"},"content":{"rendered":"<p><!-- VideographyWP Plugin Message: Automatic video embedding prevented by plugin options. --><br \/>\n  IOMA incrementar\u00e1 casi en un 30% la cobertura en medicamentos. Es una importante noticia para los afiliados, quienes se beneficiar\u00e1n con esta mejora que alcanza a todos los medicamentos que se compran con cobertura de la obra social, es decir, m\u00e1s de 7.000 productos de diferentes marcas comerciales.<br \/>\n  El aumento regir\u00e1 desde noviembre en todo el territorio de la Provincia.<br \/>\nEsta actualizaci\u00f3n alivia el gasto de bolsillo de los m\u00e1s de 2 millones de afiliados a IOMA. En promedio, se cubrir\u00e1 m\u00e1s del 50 %, dependiendo de los valores que fijan los laboratorios para sus productos.  A modo ilustrativo, adjuntamos los siguientes ejemplos:<\/p>\n<p><strong>AMOXICILINA 500 MG. COMP X 21 (agudos)<\/strong><br \/>\nPrecio de venta al p\u00fablico (PVP) de producto de valor intermedio: $105,00<br \/>\nCobertura actual: $57 (monto fijo)<br \/>\nCobertura a partir de noviembre: $73,10 (monto fijo)<\/p>\n<p><strong>LOSARTAN 50MG. COMP X 30 (cr\u00f3nicos)<\/strong><br \/>\nPVP de producto valor intermedio: $ 434.44<br \/>\nCobertura actual: $246<br \/>\nCobertura a partir de noviembre: $ 315,50<\/p>\n<p><strong>ATENOLOL 50 MG. COMP. X 30 (cr\u00f3nicos)<\/strong><br \/>\nPVP de producto valor intermedio: $ 95,36<br \/>\nCobertura anterior: $ 33,66<br \/>\nCobertura a partir de noviembre: $43,17<\/p>\n","protected":false},"excerpt":{"rendered":"<p>IOMA incrementar\u00e1 casi en un 30% la cobertura en medicamentos. Es una importante noticia para los afiliados, quienes se beneficiar\u00e1n con esta mejora que alcanza a todos los medicamentos que se compran con cobertura de la obra social, es decir, m\u00e1s de 7.000 productos de diferentes marcas comerciales. El aumento regir\u00e1 desde noviembre en todo [&hellip;]<\/p>\n","protected":false},"author":4,"featured_media":42515,"comment_status":"open","ping_status":"closed","sticky":false,"template":"","format":"standard","meta":{"om_disable_all_campaigns":false,"_jetpack_memberships_contains_paid_content":false,"footnotes":""},"categories":[101,2],"tags":[],"class_list":["post-42513","post","type-post","status-publish","format-standard","has-post-thumbnail","hentry","category-interes-general-locales","category-locales"],"aioseo_notices":[],"gutentor_comment":0,"jetpack_featured_media_url":"https:\/\/eldiariodesanpedro.com.ar\/sitio\/wp-content\/uploads\/2018\/10\/medicamentos-1.jpg","jetpack_shortlink":"https:\/\/wp.me\/p6RhLt-b3H","jetpack_sharing_enabled":true,"_links":{"self":[{"href":"https:\/\/eldiariodesanpedro.com.ar\/sitio\/wp-json\/wp\/v2\/posts\/42513","targetHints":{"allow":["GET"]}}],"collection":[{"href":"https:\/\/eldiariodesanpedro.com.ar\/sitio\/wp-json\/wp\/v2\/posts"}],"about":[{"href":"https:\/\/eldiariodesanpedro.com.ar\/sitio\/wp-json\/wp\/v2\/types\/post"}],"author":[{"embeddable":true,"href":"https:\/\/eldiariodesanpedro.com.ar\/sitio\/wp-json\/wp\/v2\/users\/4"}],"replies":[{"embeddable":true,"href":"https:\/\/eldiariodesanpedro.com.ar\/sitio\/wp-json\/wp\/v2\/comments?post=42513"}],"version-history":[{"count":1,"href":"https:\/\/eldiariodesanpedro.com.ar\/sitio\/wp-json\/wp\/v2\/posts\/42513\/revisions"}],"predecessor-version":[{"id":42517,"href":"https:\/\/eldiariodesanpedro.com.ar\/sitio\/wp-json\/wp\/v2\/posts\/42513\/revisions\/42517"}],"wp:featuredmedia":[{"embeddable":true,"href":"https:\/\/eldiariodesanpedro.com.ar\/sitio\/wp-json\/wp\/v2\/media\/42515"}],"wp:attachment":[{"href":"https:\/\/eldiariodesanpedro.com.ar\/sitio\/wp-json\/wp\/v2\/media?parent=42513"}],"wp:term":[{"taxonomy":"category","embeddable":true,"href":"https:\/\/eldiariodesanpedro.com.ar\/sitio\/wp-json\/wp\/v2\/categories?post=42513"},{"taxonomy":"post_tag","embeddable":true,"href":"https:\/\/eldiariodesanpedro.com.ar\/sitio\/wp-json\/wp\/v2\/tags?post=42513"}],"curies":[{"name":"wp","href":"https:\/\/api.w.org\/{rel}","templated":true}]}}