{"id":42511,"date":"2018-10-26T20:52:40","date_gmt":"2018-10-26T23:52:40","guid":{"rendered":"https:\/\/eldiariodesanpedro.com.ar\/sitio\/?p=42511"},"modified":"2018-10-26T20:52:40","modified_gmt":"2018-10-26T23:52:40","slug":"aprueban-multar-el-acoso-sexual-callejero","status":"publish","type":"post","link":"https:\/\/eldiariodesanpedro.com.ar\/sitio\/aprueban-multar-el-acoso-sexual-callejero\/","title":{"rendered":"Aprueban multar el acoso sexual callejero"},"content":{"rendered":"<p><!-- VideographyWP Plugin Message: Automatic video embedding prevented by plugin options. --><br \/>\nLa iniciativa fue el resultado de la unificaci\u00f3n de proyectos de las diputadas Marisol Merquel y Anah\u00ed Bilbao. El proyecto fue girado al Senado para continuar su tratamiento.<\/p>\n<p>  La propuesta propone modificar el C\u00f3digo de Faltas de la provincia de Buenos Aires y tiene como objeto sancionar, prevenir y erradicar el acoso sexual callejero.  La iniciativa promueve la realizaci\u00f3n de campa\u00f1as que visibilicen la problem\u00e1tica y asimismo prev\u00e9 multas a quienes cometan acoso en la v\u00eda p\u00fablica.<br \/>\n  La vicepresidenta de la HCD, Marisol Merquel coment\u00f3 que: \u201cFue muy importante el debate en comisiones, la puesta en com\u00fan de ambos proyectos, que apuntan a igualar derechos y que tambi\u00e9n trascienden a los partidos pol\u00edticos, porque tienen que ver con lo que diariamente nos pasa a las mujeres y que durante \u00faltimos a\u00f1os logramos desnaturalizar\u201d.<br \/>\n  En tanto, la diputada Anah\u00ed Bilbao dijo que \u201cestamos felices con la aprobaci\u00f3n de esta iniciativa, porque brindamos un instrumento para proteger a las mujeres y para que seamos m\u00e1s libres\u201d. Y agreg\u00f3: \u201cEste proyecto permite que cuando una mujer se sienta inc\u00f3moda ante cualquier acto que tenga impl\u00edcito una connotaci\u00f3n sexual podr\u00e1 ser denunciada y el acosador tendr\u00e1 que responder a esta contravenci\u00f3n\u201d.<\/p>\n","protected":false},"excerpt":{"rendered":"<p>La iniciativa fue el resultado de la unificaci\u00f3n de proyectos de las diputadas Marisol Merquel y Anah\u00ed Bilbao. El proyecto fue girado al Senado para continuar su tratamiento. La propuesta propone modificar el C\u00f3digo de Faltas de la provincia de Buenos Aires y tiene como objeto sancionar, prevenir y erradicar el acoso sexual callejero. La [&hellip;]<\/p>\n","protected":false},"author":4,"featured_media":42512,"comment_status":"open","ping_status":"closed","sticky":false,"template":"","format":"standard","meta":{"om_disable_all_campaigns":false,"_jetpack_memberships_contains_paid_content":false,"footnotes":""},"categories":[2,103],"tags":[],"class_list":["post-42511","post","type-post","status-publish","format-standard","has-post-thumbnail","hentry","category-locales","category-policiales-locales"],"aioseo_notices":[],"gutentor_comment":0,"jetpack_featured_media_url":"https:\/\/eldiariodesanpedro.com.ar\/sitio\/wp-content\/uploads\/2018\/10\/Aprueban-multar-el-acoso-sexual-callejero.jpeg","jetpack_shortlink":"https:\/\/wp.me\/p6RhLt-b3F","jetpack_sharing_enabled":true,"_links":{"self":[{"href":"https:\/\/eldiariodesanpedro.com.ar\/sitio\/wp-json\/wp\/v2\/posts\/42511","targetHints":{"allow":["GET"]}}],"collection":[{"href":"https:\/\/eldiariodesanpedro.com.ar\/sitio\/wp-json\/wp\/v2\/posts"}],"about":[{"href":"https:\/\/eldiariodesanpedro.com.ar\/sitio\/wp-json\/wp\/v2\/types\/post"}],"author":[{"embeddable":true,"href":"https:\/\/eldiariodesanpedro.com.ar\/sitio\/wp-json\/wp\/v2\/users\/4"}],"replies":[{"embeddable":true,"href":"https:\/\/eldiariodesanpedro.com.ar\/sitio\/wp-json\/wp\/v2\/comments?post=42511"}],"version-history":[{"count":1,"href":"https:\/\/eldiariodesanpedro.com.ar\/sitio\/wp-json\/wp\/v2\/posts\/42511\/revisions"}],"predecessor-version":[{"id":42514,"href":"https:\/\/eldiariodesanpedro.com.ar\/sitio\/wp-json\/wp\/v2\/posts\/42511\/revisions\/42514"}],"wp:featuredmedia":[{"embeddable":true,"href":"https:\/\/eldiariodesanpedro.com.ar\/sitio\/wp-json\/wp\/v2\/media\/42512"}],"wp:attachment":[{"href":"https:\/\/eldiariodesanpedro.com.ar\/sitio\/wp-json\/wp\/v2\/media?parent=42511"}],"wp:term":[{"taxonomy":"category","embeddable":true,"href":"https:\/\/eldiariodesanpedro.com.ar\/sitio\/wp-json\/wp\/v2\/categories?post=42511"},{"taxonomy":"post_tag","embeddable":true,"href":"https:\/\/eldiariodesanpedro.com.ar\/sitio\/wp-json\/wp\/v2\/tags?post=42511"}],"curies":[{"name":"wp","href":"https:\/\/api.w.org\/{rel}","templated":true}]}}