{"id":42507,"date":"2018-10-26T20:49:17","date_gmt":"2018-10-26T23:49:17","guid":{"rendered":"https:\/\/eldiariodesanpedro.com.ar\/sitio\/?p=42507"},"modified":"2018-10-26T20:49:17","modified_gmt":"2018-10-26T23:49:17","slug":"en-rio-tala-vacunacion-antirrabica-para-caninos-y-felinos","status":"publish","type":"post","link":"https:\/\/eldiariodesanpedro.com.ar\/sitio\/en-rio-tala-vacunacion-antirrabica-para-caninos-y-felinos\/","title":{"rendered":"EN R\u00cdO TALA: Vacunaci\u00f3n Antirr\u00e1bica para caninos y felinos"},"content":{"rendered":"<p><!-- VideographyWP Plugin Message: Automatic video embedding prevented by plugin options. --><br \/>\n  La Municipalidad de San Pedro comunica que se comenzar\u00e1 con la campa\u00f1a de vacunaci\u00f3n antirr\u00e1bica gratuita para caninos y felinos.<br \/>\n  El martes 30 y mi\u00e9rcoles 31 de octubre ser\u00e1 en la localidad de R\u00edo Tala. El lugar de vacunaci\u00f3n es frente al Centro de Salud Dr. Arana 9 a 14 hs.<\/p>\n","protected":false},"excerpt":{"rendered":"<p>La Municipalidad de San Pedro comunica que se comenzar\u00e1 con la campa\u00f1a de vacunaci\u00f3n antirr\u00e1bica gratuita para caninos y felinos. El martes 30 y mi\u00e9rcoles 31 de octubre ser\u00e1 en la localidad de R\u00edo Tala. El lugar de vacunaci\u00f3n es frente al Centro de Salud Dr. Arana 9 a 14 hs.<\/p>\n","protected":false},"author":4,"featured_media":9107,"comment_status":"open","ping_status":"closed","sticky":false,"template":"","format":"standard","meta":{"om_disable_all_campaigns":false,"_jetpack_memberships_contains_paid_content":false,"footnotes":""},"categories":[101,2],"tags":[],"class_list":["post-42507","post","type-post","status-publish","format-standard","has-post-thumbnail","hentry","category-interes-general-locales","category-locales"],"aioseo_notices":[],"gutentor_comment":0,"jetpack_featured_media_url":"https:\/\/eldiariodesanpedro.com.ar\/sitio\/wp-content\/uploads\/2016\/10\/antirrabica.jpg","jetpack_shortlink":"https:\/\/wp.me\/p6RhLt-b3B","jetpack_sharing_enabled":true,"_links":{"self":[{"href":"https:\/\/eldiariodesanpedro.com.ar\/sitio\/wp-json\/wp\/v2\/posts\/42507","targetHints":{"allow":["GET"]}}],"collection":[{"href":"https:\/\/eldiariodesanpedro.com.ar\/sitio\/wp-json\/wp\/v2\/posts"}],"about":[{"href":"https:\/\/eldiariodesanpedro.com.ar\/sitio\/wp-json\/wp\/v2\/types\/post"}],"author":[{"embeddable":true,"href":"https:\/\/eldiariodesanpedro.com.ar\/sitio\/wp-json\/wp\/v2\/users\/4"}],"replies":[{"embeddable":true,"href":"https:\/\/eldiariodesanpedro.com.ar\/sitio\/wp-json\/wp\/v2\/comments?post=42507"}],"version-history":[{"count":1,"href":"https:\/\/eldiariodesanpedro.com.ar\/sitio\/wp-json\/wp\/v2\/posts\/42507\/revisions"}],"predecessor-version":[{"id":42509,"href":"https:\/\/eldiariodesanpedro.com.ar\/sitio\/wp-json\/wp\/v2\/posts\/42507\/revisions\/42509"}],"wp:featuredmedia":[{"embeddable":true,"href":"https:\/\/eldiariodesanpedro.com.ar\/sitio\/wp-json\/wp\/v2\/media\/9107"}],"wp:attachment":[{"href":"https:\/\/eldiariodesanpedro.com.ar\/sitio\/wp-json\/wp\/v2\/media?parent=42507"}],"wp:term":[{"taxonomy":"category","embeddable":true,"href":"https:\/\/eldiariodesanpedro.com.ar\/sitio\/wp-json\/wp\/v2\/categories?post=42507"},{"taxonomy":"post_tag","embeddable":true,"href":"https:\/\/eldiariodesanpedro.com.ar\/sitio\/wp-json\/wp\/v2\/tags?post=42507"}],"curies":[{"name":"wp","href":"https:\/\/api.w.org\/{rel}","templated":true}]}}