{"id":42506,"date":"2018-10-26T20:48:34","date_gmt":"2018-10-26T23:48:34","guid":{"rendered":"https:\/\/eldiariodesanpedro.com.ar\/sitio\/?p=42506"},"modified":"2018-10-26T20:48:34","modified_gmt":"2018-10-26T23:48:34","slug":"abierta-la-inscripcion-de-profesionales-para-la-prefectura-naval-argentina","status":"publish","type":"post","link":"https:\/\/eldiariodesanpedro.com.ar\/sitio\/abierta-la-inscripcion-de-profesionales-para-la-prefectura-naval-argentina\/","title":{"rendered":"Abierta la inscripci\u00f3n de profesionales para la Prefectura Naval Argentina"},"content":{"rendered":"<p><!-- VideographyWP Plugin Message: Automatic video embedding prevented by plugin options. --><br \/>\n  La Prefectura San Pedro informa a la ciudadan\u00eda en general, que se halla abierta la inscripci\u00f3n de Profesionales a partir del 29 de octubre con cierre de inscripci\u00f3n el 30 de noviembre del corriente a\u00f1o.<br \/>\n  Los interesados podr\u00e1n obtener informaci\u00f3n en la p\u00e1gina oficial de la Instituci\u00f3n <a href=\"http:\/\/www.prefecturanaval.gov.ar\">www.prefecturanaval.gov.ar<\/a> o en la Dependencia m\u00e1s cercana a su domicilio.<\/p>\n","protected":false},"excerpt":{"rendered":"<p>La Prefectura San Pedro informa a la ciudadan\u00eda en general, que se halla abierta la inscripci\u00f3n de Profesionales a partir del 29 de octubre con cierre de inscripci\u00f3n el 30 de noviembre del corriente a\u00f1o. Los interesados podr\u00e1n obtener informaci\u00f3n en la p\u00e1gina oficial de la Instituci\u00f3n www.prefecturanaval.gov.ar o en la Dependencia m\u00e1s cercana a [&hellip;]<\/p>\n","protected":false},"author":4,"featured_media":19437,"comment_status":"open","ping_status":"closed","sticky":false,"template":"","format":"standard","meta":{"om_disable_all_campaigns":false,"_jetpack_memberships_contains_paid_content":false,"footnotes":""},"categories":[101,2],"tags":[],"class_list":["post-42506","post","type-post","status-publish","format-standard","has-post-thumbnail","hentry","category-interes-general-locales","category-locales"],"aioseo_notices":[],"gutentor_comment":0,"jetpack_featured_media_url":"https:\/\/eldiariodesanpedro.com.ar\/sitio\/wp-content\/uploads\/2017\/06\/prefectura.jpg","jetpack_shortlink":"https:\/\/wp.me\/p6RhLt-b3A","jetpack_sharing_enabled":true,"_links":{"self":[{"href":"https:\/\/eldiariodesanpedro.com.ar\/sitio\/wp-json\/wp\/v2\/posts\/42506","targetHints":{"allow":["GET"]}}],"collection":[{"href":"https:\/\/eldiariodesanpedro.com.ar\/sitio\/wp-json\/wp\/v2\/posts"}],"about":[{"href":"https:\/\/eldiariodesanpedro.com.ar\/sitio\/wp-json\/wp\/v2\/types\/post"}],"author":[{"embeddable":true,"href":"https:\/\/eldiariodesanpedro.com.ar\/sitio\/wp-json\/wp\/v2\/users\/4"}],"replies":[{"embeddable":true,"href":"https:\/\/eldiariodesanpedro.com.ar\/sitio\/wp-json\/wp\/v2\/comments?post=42506"}],"version-history":[{"count":2,"href":"https:\/\/eldiariodesanpedro.com.ar\/sitio\/wp-json\/wp\/v2\/posts\/42506\/revisions"}],"predecessor-version":[{"id":42510,"href":"https:\/\/eldiariodesanpedro.com.ar\/sitio\/wp-json\/wp\/v2\/posts\/42506\/revisions\/42510"}],"wp:featuredmedia":[{"embeddable":true,"href":"https:\/\/eldiariodesanpedro.com.ar\/sitio\/wp-json\/wp\/v2\/media\/19437"}],"wp:attachment":[{"href":"https:\/\/eldiariodesanpedro.com.ar\/sitio\/wp-json\/wp\/v2\/media?parent=42506"}],"wp:term":[{"taxonomy":"category","embeddable":true,"href":"https:\/\/eldiariodesanpedro.com.ar\/sitio\/wp-json\/wp\/v2\/categories?post=42506"},{"taxonomy":"post_tag","embeddable":true,"href":"https:\/\/eldiariodesanpedro.com.ar\/sitio\/wp-json\/wp\/v2\/tags?post=42506"}],"curies":[{"name":"wp","href":"https:\/\/api.w.org\/{rel}","templated":true}]}}