{"id":42500,"date":"2018-10-26T20:45:06","date_gmt":"2018-10-26T23:45:06","guid":{"rendered":"https:\/\/eldiariodesanpedro.com.ar\/sitio\/?p=42500"},"modified":"2018-10-26T20:45:06","modified_gmt":"2018-10-26T23:45:06","slug":"esta-vez-en-la-localidad-de-rio-tala-continua-la-campana-de-vacunacion-triple-viral","status":"publish","type":"post","link":"https:\/\/eldiariodesanpedro.com.ar\/sitio\/esta-vez-en-la-localidad-de-rio-tala-continua-la-campana-de-vacunacion-triple-viral\/","title":{"rendered":"ESTA VEZ EN LA LOCALIDAD DE R\u00cdO TALA: Contin\u00faa la campa\u00f1a de vacunaci\u00f3n Triple Viral"},"content":{"rendered":"<p><!-- VideographyWP Plugin Message: Automatic video embedding prevented by plugin options. --><br \/>\nLa Secretar\u00eda de Salud informa que el pr\u00f3ximo martes 30 de octubre se estar\u00e1 aplicando la dosis de la vacuna Triple Viral en la localidad de R\u00edo Tala a partir de las 14 hs.<\/p>\n<p>  La estrategia sanitaria que tiene como objetivo aumentar la protecci\u00f3n frente al sarampi\u00f3n y la rub\u00e9ola, se realiza cada cuatro a\u00f1os y est\u00e1 destinada a los ni\u00f1os de entre 13 meses y cuatro a\u00f1os inclusive.<br \/>\n  La vacunaci\u00f3n se realizar\u00e1 en todos los centros de salud y hospitales p\u00fablicos de manera gratuita y no es necesario presentar orden m\u00e9dica. Cabe aclarar que si un ni\u00f1o recibi\u00f3 al a\u00f1o de vida la primera dosis, tambi\u00e9n se le debe aplicar la dosis extra de la campa\u00f1a, con la salvedad de que debe pasar un mes desde la aplicaci\u00f3n de la vacuna triple viral del calendario.<br \/>\n  La vacunaci\u00f3n se realizar\u00e1 en todos los centros de salud y hospitales p\u00fablicos de manera gratuita y no es necesario presentar orden m\u00e9dica<br \/>\nLas campa\u00f1as de seguimiento se llevan a cabo cada cuatro a\u00f1os y tienen el objetivo de disminuir el n\u00famero de individuos susceptibles que se acumulan a\u00f1o tras a\u00f1o y que son la consecuencia de los ni\u00f1os que no fueron vacunados y los que no respondieron a la primera dosis, ya que se estima que alrededor del 10% de los ni\u00f1os vacunados no logran desarrollar la protecci\u00f3n necesaria.<br \/>\n  \u00abEn la medida que pasan los a\u00f1os, los ni\u00f1os susceptibles se van sumando y esta acumulaci\u00f3n hace que, frente a un posible ingreso de los virus del sarampi\u00f3n y de la rub\u00e9ola, se produzca una reintroducci\u00f3n y pueda generarse un brote de magnitud\u00bb, explic\u00f3 el responsable de la Direcci\u00f3n de Control de Enfermedades Inmunoprevenibles, Cristian Biscayart.<br \/>\n  Por su parte, la presidente de la Comisi\u00f3n para la Certificaci\u00f3n de la Eliminaci\u00f3n de la Circulaci\u00f3n End\u00e9mica de Sarampi\u00f3n, Rub\u00e9ola y S\u00edndrome de Rub\u00e9ola Cong\u00e9nita, \u00c1ngela Gentile, indic\u00f3 que \u00abcon una sola dosis de vacuna triple viral hay un porcentaje de casos que se sabe que no responden. Si a eso le sumamos la cantidad de chicos que no se vacunaron, a\u00f1o tras a\u00f1o se acumula un n\u00famero de ni\u00f1os de 1 a 4 a\u00f1os que est\u00e1 en riesgo porque no tiene anticuerpos\u00bb.<br \/>\n  Es por ello que esta campa\u00f1a para cerca de tres millones de chicos \u00abes una herramienta clave para poder mantener la eliminaci\u00f3n del sarampi\u00f3n en la Argentina para lograr una muy buena cobertura de vacunaci\u00f3n\u00bb, agreg\u00f3.<br \/>\n  En la Argentina el \u00faltimo caso end\u00e9mico de sarampi\u00f3n se registr\u00f3 en 2000 y el \u00faltimo fallecido por esta causa fue en 1998. El pa\u00eds certific\u00f3 la eliminaci\u00f3n de la rub\u00e9ola y el s\u00edndrome de rub\u00e9ola cong\u00e9nita en 2015 y del sarampi\u00f3n en 2016, sin embargo, el mantenimiento de estos logros depende de lograr coberturas elevadas (mayores al 95%) en todas las provincias, departamentos y municipios del pa\u00eds. Durante 2018 se confirmaron 11 casos de sarampi\u00f3n, de los cuales seis fueron en menores de 12 meses.<\/p>\n","protected":false},"excerpt":{"rendered":"<p>La Secretar\u00eda de Salud informa que el pr\u00f3ximo martes 30 de octubre se estar\u00e1 aplicando la dosis de la vacuna Triple Viral en la localidad de R\u00edo Tala a partir de las 14 hs. La estrategia sanitaria que tiene como objetivo aumentar la protecci\u00f3n frente al sarampi\u00f3n y la rub\u00e9ola, se realiza cada cuatro a\u00f1os [&hellip;]<\/p>\n","protected":false},"author":4,"featured_media":42502,"comment_status":"open","ping_status":"closed","sticky":false,"template":"","format":"standard","meta":{"om_disable_all_campaigns":false,"_jetpack_memberships_contains_paid_content":false,"footnotes":""},"categories":[101,2],"tags":[],"class_list":["post-42500","post","type-post","status-publish","format-standard","has-post-thumbnail","hentry","category-interes-general-locales","category-locales"],"aioseo_notices":[],"gutentor_comment":0,"jetpack_featured_media_url":"https:\/\/eldiariodesanpedro.com.ar\/sitio\/wp-content\/uploads\/2018\/10\/vacunacion-triple-viral.jpg","jetpack_shortlink":"https:\/\/wp.me\/p6RhLt-b3u","jetpack_sharing_enabled":true,"_links":{"self":[{"href":"https:\/\/eldiariodesanpedro.com.ar\/sitio\/wp-json\/wp\/v2\/posts\/42500","targetHints":{"allow":["GET"]}}],"collection":[{"href":"https:\/\/eldiariodesanpedro.com.ar\/sitio\/wp-json\/wp\/v2\/posts"}],"about":[{"href":"https:\/\/eldiariodesanpedro.com.ar\/sitio\/wp-json\/wp\/v2\/types\/post"}],"author":[{"embeddable":true,"href":"https:\/\/eldiariodesanpedro.com.ar\/sitio\/wp-json\/wp\/v2\/users\/4"}],"replies":[{"embeddable":true,"href":"https:\/\/eldiariodesanpedro.com.ar\/sitio\/wp-json\/wp\/v2\/comments?post=42500"}],"version-history":[{"count":1,"href":"https:\/\/eldiariodesanpedro.com.ar\/sitio\/wp-json\/wp\/v2\/posts\/42500\/revisions"}],"predecessor-version":[{"id":42504,"href":"https:\/\/eldiariodesanpedro.com.ar\/sitio\/wp-json\/wp\/v2\/posts\/42500\/revisions\/42504"}],"wp:featuredmedia":[{"embeddable":true,"href":"https:\/\/eldiariodesanpedro.com.ar\/sitio\/wp-json\/wp\/v2\/media\/42502"}],"wp:attachment":[{"href":"https:\/\/eldiariodesanpedro.com.ar\/sitio\/wp-json\/wp\/v2\/media?parent=42500"}],"wp:term":[{"taxonomy":"category","embeddable":true,"href":"https:\/\/eldiariodesanpedro.com.ar\/sitio\/wp-json\/wp\/v2\/categories?post=42500"},{"taxonomy":"post_tag","embeddable":true,"href":"https:\/\/eldiariodesanpedro.com.ar\/sitio\/wp-json\/wp\/v2\/tags?post=42500"}],"curies":[{"name":"wp","href":"https:\/\/api.w.org\/{rel}","templated":true}]}}