{"id":42499,"date":"2018-10-26T20:43:57","date_gmt":"2018-10-26T23:43:57","guid":{"rendered":"https:\/\/eldiariodesanpedro.com.ar\/sitio\/?p=42499"},"modified":"2018-10-26T20:43:57","modified_gmt":"2018-10-26T23:43:57","slug":"presentacion-de-la-primera-antologia-de-cuentos-sampedrinos","status":"publish","type":"post","link":"https:\/\/eldiariodesanpedro.com.ar\/sitio\/presentacion-de-la-primera-antologia-de-cuentos-sampedrinos\/","title":{"rendered":"Presentaci\u00f3n de la primera Antolog\u00eda de Cuentos Sampedrinos"},"content":{"rendered":"<p><!-- VideographyWP Plugin Message: Automatic video embedding prevented by plugin options. --><br \/>\nLa Direcci\u00f3n de Cultura de la Municipalidad de San Pedro present\u00f3 el d\u00eda de ayer en el Sal\u00f3n Dorado de la Municipalidad el libro \u201cAntolog\u00eda de Cuentos Sampedrinos 2018.<\/p>\n<p>  Este libro surge de una idea de la Direcci\u00f3n de Cultura con la intenci\u00f3n de acercar a los autores de nuestra localidad a los propios sampedrinos. Este proyecto tuvo el apoyo incondicional de la Comisi\u00f3n de Seguimiento del fondo de Promoci\u00f3n Cultural y pudo llevarse adelante satisfactoriamente gracias al trabajo conjunto.<br \/>\n  La tem\u00e1tica se plante\u00f3 bajo la modalidad de \u201cAntolog\u00eda\u201d, por encima de un concurso con premios en dinero, para poder tener varios \u201cGanadores\u201d y poder plasmar las miradas de diferentes escritores en una sola obra, dej\u00e1ndola como patrimonio de la cultura sampedrina.<br \/>\n  A principio de a\u00f1o se presentaron m\u00e1s 30 concursantes y el jurado conformado por Hugo Alonso, Gabriela Lecuona y Jorge Nieva, tuvo la ardua tarea de elegir a los ganadores. Fueron 10 obras, que conforman hoy esta primera antolog\u00eda.<br \/>\n  En la presentaci\u00f3n realizada el d\u00eda de ayer en el Sal\u00f3n Dorado se entregaron 10 copias de la obra, junto a un diploma, en reconocimiento a todos los autores por su participaci\u00f3n.<\/p>\n","protected":false},"excerpt":{"rendered":"<p>La Direcci\u00f3n de Cultura de la Municipalidad de San Pedro present\u00f3 el d\u00eda de ayer en el Sal\u00f3n Dorado de la Municipalidad el libro \u201cAntolog\u00eda de Cuentos Sampedrinos 2018. Este libro surge de una idea de la Direcci\u00f3n de Cultura con la intenci\u00f3n de acercar a los autores de nuestra localidad a los propios sampedrinos. [&hellip;]<\/p>\n","protected":false},"author":4,"featured_media":42501,"comment_status":"open","ping_status":"closed","sticky":false,"template":"","format":"standard","meta":{"om_disable_all_campaigns":false,"_jetpack_memberships_contains_paid_content":false,"footnotes":""},"categories":[101,2],"tags":[],"class_list":["post-42499","post","type-post","status-publish","format-standard","has-post-thumbnail","hentry","category-interes-general-locales","category-locales"],"aioseo_notices":[],"gutentor_comment":0,"jetpack_featured_media_url":"https:\/\/eldiariodesanpedro.com.ar\/sitio\/wp-content\/uploads\/2018\/10\/Presentaci\u00f3n-de-la-primera-Antolog\u00eda-de-Cuentos-Sampedrinos.jpg","jetpack_shortlink":"https:\/\/wp.me\/p6RhLt-b3t","jetpack_sharing_enabled":true,"_links":{"self":[{"href":"https:\/\/eldiariodesanpedro.com.ar\/sitio\/wp-json\/wp\/v2\/posts\/42499","targetHints":{"allow":["GET"]}}],"collection":[{"href":"https:\/\/eldiariodesanpedro.com.ar\/sitio\/wp-json\/wp\/v2\/posts"}],"about":[{"href":"https:\/\/eldiariodesanpedro.com.ar\/sitio\/wp-json\/wp\/v2\/types\/post"}],"author":[{"embeddable":true,"href":"https:\/\/eldiariodesanpedro.com.ar\/sitio\/wp-json\/wp\/v2\/users\/4"}],"replies":[{"embeddable":true,"href":"https:\/\/eldiariodesanpedro.com.ar\/sitio\/wp-json\/wp\/v2\/comments?post=42499"}],"version-history":[{"count":1,"href":"https:\/\/eldiariodesanpedro.com.ar\/sitio\/wp-json\/wp\/v2\/posts\/42499\/revisions"}],"predecessor-version":[{"id":42503,"href":"https:\/\/eldiariodesanpedro.com.ar\/sitio\/wp-json\/wp\/v2\/posts\/42499\/revisions\/42503"}],"wp:featuredmedia":[{"embeddable":true,"href":"https:\/\/eldiariodesanpedro.com.ar\/sitio\/wp-json\/wp\/v2\/media\/42501"}],"wp:attachment":[{"href":"https:\/\/eldiariodesanpedro.com.ar\/sitio\/wp-json\/wp\/v2\/media?parent=42499"}],"wp:term":[{"taxonomy":"category","embeddable":true,"href":"https:\/\/eldiariodesanpedro.com.ar\/sitio\/wp-json\/wp\/v2\/categories?post=42499"},{"taxonomy":"post_tag","embeddable":true,"href":"https:\/\/eldiariodesanpedro.com.ar\/sitio\/wp-json\/wp\/v2\/tags?post=42499"}],"curies":[{"name":"wp","href":"https:\/\/api.w.org\/{rel}","templated":true}]}}