{"id":42495,"date":"2018-10-26T09:54:38","date_gmt":"2018-10-26T12:54:38","guid":{"rendered":"https:\/\/eldiariodesanpedro.com.ar\/sitio\/?p=42495"},"modified":"2018-10-26T09:54:38","modified_gmt":"2018-10-26T12:54:38","slug":"siguen-las-retenciones-de-tareas-ahora-en-el-corralon-municipal","status":"publish","type":"post","link":"https:\/\/eldiariodesanpedro.com.ar\/sitio\/siguen-las-retenciones-de-tareas-ahora-en-el-corralon-municipal\/","title":{"rendered":"Siguen las retenciones de tareas, ahora en el Corral\u00f3n Municipal"},"content":{"rendered":"<p><!-- VideographyWP Plugin Message: Automatic video embedding prevented by plugin options. --><br \/>\nEsta ma\u00f1ana nuevamente los trabajadores municipales junto al Sindicato que conduce Juan Cruz Acosta, han comenzado una medida de fuerza; retenci\u00f3n de tareas por tiempo indeterminado, en el Corral\u00f3n Municipal.<\/p>\n<p>Dialogamos con el Gremialista Ra\u00fal Ben\u00edtez quien nos cont\u00f3: \u00abContratamos gente de Seguridad e Higiene que vienen de afuera, de la ciudad de Pergamino y constataron en 5 \u00e1reas Municipales, la primera es aca en el Corral\u00f3n donde m\u00e1s corren peligro los compa\u00f1eros por el tema de la instalaci\u00f3n el\u00e9ctrica y los vehiculos no est\u00e1n ninguno en condiciones de salir a la calle, ninguno\u00bb, y agrego \u00abMarcelo Duarte de Seguridad e Higiene del Municipio que nos dijo que desde el otro Gobierno nos sentamos solo una vez, que present\u00f3 informes y que nunca le dieron respuestas\u00bb. <\/p>\n<p>\u00abLos compa\u00f1eros decidieron en Asamblea hacer retenci\u00f3n de tareas por tiempo indeterminado\u00bb, finaliz\u00f3.<\/p>\n","protected":false},"excerpt":{"rendered":"<p>Esta ma\u00f1ana nuevamente los trabajadores municipales junto al Sindicato que conduce Juan Cruz Acosta, han comenzado una medida de fuerza; retenci\u00f3n de tareas por tiempo indeterminado, en el Corral\u00f3n Municipal. Dialogamos con el Gremialista Ra\u00fal Ben\u00edtez quien nos cont\u00f3: \u00abContratamos gente de Seguridad e Higiene que vienen de afuera, de la ciudad de Pergamino y [&hellip;]<\/p>\n","protected":false},"author":4,"featured_media":42496,"comment_status":"open","ping_status":"closed","sticky":false,"template":"","format":"standard","meta":{"om_disable_all_campaigns":false,"_jetpack_memberships_contains_paid_content":false,"footnotes":""},"categories":[50,101,2],"tags":[],"class_list":["post-42495","post","type-post","status-publish","format-standard","has-post-thumbnail","hentry","category-destacadas","category-interes-general-locales","category-locales"],"aioseo_notices":[],"gutentor_comment":0,"jetpack_featured_media_url":"https:\/\/eldiariodesanpedro.com.ar\/sitio\/wp-content\/uploads\/2018\/10\/44900237_2212452295696937_1312920160348143616_n.png","jetpack_shortlink":"https:\/\/wp.me\/p6RhLt-b3p","jetpack_sharing_enabled":true,"_links":{"self":[{"href":"https:\/\/eldiariodesanpedro.com.ar\/sitio\/wp-json\/wp\/v2\/posts\/42495","targetHints":{"allow":["GET"]}}],"collection":[{"href":"https:\/\/eldiariodesanpedro.com.ar\/sitio\/wp-json\/wp\/v2\/posts"}],"about":[{"href":"https:\/\/eldiariodesanpedro.com.ar\/sitio\/wp-json\/wp\/v2\/types\/post"}],"author":[{"embeddable":true,"href":"https:\/\/eldiariodesanpedro.com.ar\/sitio\/wp-json\/wp\/v2\/users\/4"}],"replies":[{"embeddable":true,"href":"https:\/\/eldiariodesanpedro.com.ar\/sitio\/wp-json\/wp\/v2\/comments?post=42495"}],"version-history":[{"count":1,"href":"https:\/\/eldiariodesanpedro.com.ar\/sitio\/wp-json\/wp\/v2\/posts\/42495\/revisions"}],"predecessor-version":[{"id":42497,"href":"https:\/\/eldiariodesanpedro.com.ar\/sitio\/wp-json\/wp\/v2\/posts\/42495\/revisions\/42497"}],"wp:featuredmedia":[{"embeddable":true,"href":"https:\/\/eldiariodesanpedro.com.ar\/sitio\/wp-json\/wp\/v2\/media\/42496"}],"wp:attachment":[{"href":"https:\/\/eldiariodesanpedro.com.ar\/sitio\/wp-json\/wp\/v2\/media?parent=42495"}],"wp:term":[{"taxonomy":"category","embeddable":true,"href":"https:\/\/eldiariodesanpedro.com.ar\/sitio\/wp-json\/wp\/v2\/categories?post=42495"},{"taxonomy":"post_tag","embeddable":true,"href":"https:\/\/eldiariodesanpedro.com.ar\/sitio\/wp-json\/wp\/v2\/tags?post=42495"}],"curies":[{"name":"wp","href":"https:\/\/api.w.org\/{rel}","templated":true}]}}