{"id":42455,"date":"2018-10-25T20:16:54","date_gmt":"2018-10-25T23:16:54","guid":{"rendered":"https:\/\/eldiariodesanpedro.com.ar\/sitio\/?p=42455"},"modified":"2026-01-24T00:09:12","modified_gmt":"2026-01-24T03:09:12","slug":"torneo-de-clubes-sub-13-independencia-sigue-ganando-clasifico-a-octavos-de-final-invicto","status":"publish","type":"post","link":"https:\/\/eldiariodesanpedro.com.ar\/sitio\/torneo-de-clubes-sub-13-independencia-sigue-ganando-clasifico-a-octavos-de-final-invicto\/","title":{"rendered":"TORNEO DE CLUBES SUB 13: Independencia sigue ganando, clasific\u00f3 a octavos de final invicto"},"content":{"rendered":"<p><!-- VideographyWP Plugin Message: Automatic video embedding prevented by plugin options. --><br \/>\nEl Sub 13 de Independencia FC super\u00f3 a Somisa en San Nicol\u00e1s por 2 a 1 en cotejo de la 6\u00ba fecha del Grupo B del Torneo de Clubes que organiza la Federaci\u00f3n Norte de F\u00fatbol.<br \/>\nEl equipo sampedrino, ya clasificado dos fechas antes, arranc\u00f3 perdiendo en San Nicol\u00e1s (gol de Faustino Brobarone), pero en el complemento lo dio vuelta con tantos de Israel Melgar y Gast\u00f3n Abaca. De esta manera culmina la primera fase invicto y con un puntaje que lo ubicar\u00e1 entre los cinco primeros, lo que le permite definir de local en las pr\u00f3ximas dos instancias.<br \/>\n  Dirigi\u00f3 Luis Arg\u00fcello e Independencia FC form\u00f3 con: Alderete, Soto, Posadas, Brienza, Moyano, Leiva, Melgar, Fern\u00e1ndez, Rufach, Gast\u00f3n Abaca y L\u00f3pez. DT: Mauro Sandoval<br \/>\nRelevos: Dom\u00ednguez, Kloster, Balbuena y Kevin Abaca.<br \/>\n  Ahora deber\u00e1 esperar los dem\u00e1s resultados de donde sale una tabla general donde los ocho primeros de zona ocupar\u00e1n del 1\u00b0 al 8\u00b0 puesto y los 8 restantes del 9\u00b0 al 16\u00b0 puesto. Ser\u00e1n desde octavos de final a dos partidos, uno en cada sede.<\/p>\n","protected":false},"excerpt":{"rendered":"<p>El Sub 13 de Independencia FC super\u00f3 a Somisa en San Nicol\u00e1s por 2 a 1 en cotejo de la 6\u00ba fecha del Grupo B del Torneo de Clubes que organiza la Federaci\u00f3n Norte de F\u00fatbol. El equipo sampedrino, ya clasificado dos fechas antes, arranc\u00f3 perdiendo en San Nicol\u00e1s (gol de Faustino Brobarone), pero en [&hellip;]<\/p>\n","protected":false},"author":4,"featured_media":42456,"comment_status":"open","ping_status":"closed","sticky":false,"template":"","format":"standard","meta":{"om_disable_all_campaigns":false,"_jetpack_memberships_contains_paid_content":false,"footnotes":""},"categories":[5],"tags":[],"class_list":["post-42455","post","type-post","status-publish","format-standard","has-post-thumbnail","hentry","category-deportes"],"aioseo_notices":[],"gutentor_comment":0,"jetpack_featured_media_url":"https:\/\/eldiariodesanpedro.com.ar\/sitio\/wp-content\/uploads\/2018\/10\/Independencia-FC-1.jpg","jetpack_shortlink":"https:\/\/wp.me\/p6RhLt-b2L","jetpack_sharing_enabled":true,"_links":{"self":[{"href":"https:\/\/eldiariodesanpedro.com.ar\/sitio\/wp-json\/wp\/v2\/posts\/42455","targetHints":{"allow":["GET"]}}],"collection":[{"href":"https:\/\/eldiariodesanpedro.com.ar\/sitio\/wp-json\/wp\/v2\/posts"}],"about":[{"href":"https:\/\/eldiariodesanpedro.com.ar\/sitio\/wp-json\/wp\/v2\/types\/post"}],"author":[{"embeddable":true,"href":"https:\/\/eldiariodesanpedro.com.ar\/sitio\/wp-json\/wp\/v2\/users\/4"}],"replies":[{"embeddable":true,"href":"https:\/\/eldiariodesanpedro.com.ar\/sitio\/wp-json\/wp\/v2\/comments?post=42455"}],"version-history":[{"count":1,"href":"https:\/\/eldiariodesanpedro.com.ar\/sitio\/wp-json\/wp\/v2\/posts\/42455\/revisions"}],"predecessor-version":[{"id":42457,"href":"https:\/\/eldiariodesanpedro.com.ar\/sitio\/wp-json\/wp\/v2\/posts\/42455\/revisions\/42457"}],"wp:featuredmedia":[{"embeddable":true,"href":"https:\/\/eldiariodesanpedro.com.ar\/sitio\/wp-json\/wp\/v2\/media\/42456"}],"wp:attachment":[{"href":"https:\/\/eldiariodesanpedro.com.ar\/sitio\/wp-json\/wp\/v2\/media?parent=42455"}],"wp:term":[{"taxonomy":"category","embeddable":true,"href":"https:\/\/eldiariodesanpedro.com.ar\/sitio\/wp-json\/wp\/v2\/categories?post=42455"},{"taxonomy":"post_tag","embeddable":true,"href":"https:\/\/eldiariodesanpedro.com.ar\/sitio\/wp-json\/wp\/v2\/tags?post=42455"}],"curies":[{"name":"wp","href":"https:\/\/api.w.org\/{rel}","templated":true}]}}