{"id":42452,"date":"2018-10-25T20:17:03","date_gmt":"2018-10-25T23:17:03","guid":{"rendered":"https:\/\/eldiariodesanpedro.com.ar\/sitio\/?p=42452"},"modified":"2026-01-24T00:09:12","modified_gmt":"2026-01-24T03:09:12","slug":"basquet-vuelve-la-competencia-de-mayores-a-san-pedro","status":"publish","type":"post","link":"https:\/\/eldiariodesanpedro.com.ar\/sitio\/basquet-vuelve-la-competencia-de-mayores-a-san-pedro\/","title":{"rendered":"B\u00c1SQUET: Vuelve la competencia de mayores a San Pedro"},"content":{"rendered":"<p><!-- VideographyWP Plugin Message: Automatic video embedding prevented by plugin options. --><br \/>\nEn las \u00faltimas horas trascendi\u00f3 que en breve dar\u00e1 inicio un certamen con tres equipos de nuestra ciudad y la misma cantidad de Baradero.<br \/>\n    San Pedro hoy cuenta con N\u00e1utico y Mitre que compiten a nivel regional, pero a nivel local otras instituciones practican b\u00e1squet en todas sus divisiones sin una competencia formal.<br \/>\n  La actividad est\u00e1 en pleno crecimiento y al haberse sumado Pescadores con los mayores (tiene todas las formativas y competitivas hasta mayores de 35 a\u00f1os) comenzaron a jugar amistosos y son varios los que quieren tener una competencia interna.<br \/>\n  Si bien hubo varias charlas, finalmente y dando el puntapi\u00e9 ser\u00e1 con seis equipos y cinco instituciones, pero es probable que en corto lapso otras tambi\u00e9n se sumen al proyecto.<br \/>\n  El 10 de noviembre dar\u00e1 inicio un torneo local de primera con la participaci\u00f3n de: Sportivo Baradero, presentar\u00e1 dos equipos, CEF Baradero, Paran\u00e1, Mitre y Pescadores.<br \/>\n  Este viernes nuevamente habr\u00e1 b\u00e1squet de mayores en el gimnasio \u201cH\u00e9ctor Grau\u201d del club Pescadores (ya jug\u00f3 ante Mitre y Sportivo Baradero) con dos atractivos partidos: Pescadores ante Paran\u00e1 de nuestra ciudad en Sub 17 desde las 20:30 horas y en libres a las 21:30 horas.<\/p>\n","protected":false},"excerpt":{"rendered":"<p>En las \u00faltimas horas trascendi\u00f3 que en breve dar\u00e1 inicio un certamen con tres equipos de nuestra ciudad y la misma cantidad de Baradero. San Pedro hoy cuenta con N\u00e1utico y Mitre que compiten a nivel regional, pero a nivel local otras instituciones practican b\u00e1squet en todas sus divisiones sin una competencia formal. La actividad [&hellip;]<\/p>\n","protected":false},"author":4,"featured_media":42454,"comment_status":"open","ping_status":"closed","sticky":false,"template":"","format":"standard","meta":{"om_disable_all_campaigns":false,"_jetpack_memberships_contains_paid_content":false,"footnotes":""},"categories":[5],"tags":[],"class_list":["post-42452","post","type-post","status-publish","format-standard","has-post-thumbnail","hentry","category-deportes"],"aioseo_notices":[],"gutentor_comment":0,"jetpack_featured_media_url":"https:\/\/eldiariodesanpedro.com.ar\/sitio\/wp-content\/uploads\/2018\/10\/Pescadores-1ra-divisi\u00f3n.jpg","jetpack_shortlink":"https:\/\/wp.me\/p6RhLt-b2I","jetpack_sharing_enabled":true,"_links":{"self":[{"href":"https:\/\/eldiariodesanpedro.com.ar\/sitio\/wp-json\/wp\/v2\/posts\/42452","targetHints":{"allow":["GET"]}}],"collection":[{"href":"https:\/\/eldiariodesanpedro.com.ar\/sitio\/wp-json\/wp\/v2\/posts"}],"about":[{"href":"https:\/\/eldiariodesanpedro.com.ar\/sitio\/wp-json\/wp\/v2\/types\/post"}],"author":[{"embeddable":true,"href":"https:\/\/eldiariodesanpedro.com.ar\/sitio\/wp-json\/wp\/v2\/users\/4"}],"replies":[{"embeddable":true,"href":"https:\/\/eldiariodesanpedro.com.ar\/sitio\/wp-json\/wp\/v2\/comments?post=42452"}],"version-history":[{"count":1,"href":"https:\/\/eldiariodesanpedro.com.ar\/sitio\/wp-json\/wp\/v2\/posts\/42452\/revisions"}],"predecessor-version":[{"id":42459,"href":"https:\/\/eldiariodesanpedro.com.ar\/sitio\/wp-json\/wp\/v2\/posts\/42452\/revisions\/42459"}],"wp:featuredmedia":[{"embeddable":true,"href":"https:\/\/eldiariodesanpedro.com.ar\/sitio\/wp-json\/wp\/v2\/media\/42454"}],"wp:attachment":[{"href":"https:\/\/eldiariodesanpedro.com.ar\/sitio\/wp-json\/wp\/v2\/media?parent=42452"}],"wp:term":[{"taxonomy":"category","embeddable":true,"href":"https:\/\/eldiariodesanpedro.com.ar\/sitio\/wp-json\/wp\/v2\/categories?post=42452"},{"taxonomy":"post_tag","embeddable":true,"href":"https:\/\/eldiariodesanpedro.com.ar\/sitio\/wp-json\/wp\/v2\/tags?post=42452"}],"curies":[{"name":"wp","href":"https:\/\/api.w.org\/{rel}","templated":true}]}}