{"id":42451,"date":"2018-10-25T20:16:56","date_gmt":"2018-10-25T23:16:56","guid":{"rendered":"https:\/\/eldiariodesanpedro.com.ar\/sitio\/?p=42451"},"modified":"2026-01-24T00:09:12","modified_gmt":"2026-01-24T03:09:12","slug":"bochas-dos-equipos-locales-participan-en-las-finales-infantiles-de-bochas-en-mar-del-plata","status":"publish","type":"post","link":"https:\/\/eldiariodesanpedro.com.ar\/sitio\/bochas-dos-equipos-locales-participan-en-las-finales-infantiles-de-bochas-en-mar-del-plata\/","title":{"rendered":"BOCHAS: Dos equipos locales participan en las finales infantiles de Bochas en Mar del Plata"},"content":{"rendered":"<p><!-- VideographyWP Plugin Message: Automatic video embedding prevented by plugin options. --><br \/>\nEste fin de semana, se disputar\u00e1n las Finales Infantiles Provinciales del \u201cProyecto Arrimemos al Chico\u201d, creado por la Federaci\u00f3n de Bochas de la Provincia de Buenos Aires.<br \/>\n  Con estos torneos las bochas infantiles en toda la provincia de Buenos Aires lograron una gran difusi\u00f3n y participaci\u00f3n, convocando mediante las 34 Asociaciones Federadas a participaci\u00f3n de los mismos, logrando organizarse tres fases clasificatorias, la 1ra. en la Zona Centro (Olavarr\u00eda), la 2da.en la Zona Norte (Lincoln) y la 3ra. en la Zona Sur (Bah\u00eda Blanca) d\u00e1ndole lugar tambi\u00e9n a ciudades que actualmente no son federadas, pero que practican el deporte de las bochas, tambi\u00e9n fueran participes de estos Encuentros.<br \/>\n  La convocatoria tuvo un \u00e9xito rotundo, logr\u00e1ndose la participaci\u00f3n en la tres Fases clasificatorias, la participaci\u00f3n de alrededor de una 60 parejas de chicos de 12 y 15 a\u00f1os, haciendo un total de unos 120 j\u00f3venes participando por un lugar en las finales que se disputaran en la ciudad de Mar del Plata, con 10 Parejas del Sub.12 y 10 Parejas del Sub.15, sin dudas este logro incentivo a nuestra Federaci\u00f3n, que ya se est\u00e1 trabajando, para el siguiente Proyecto en el a\u00f1o 2019, y tambi\u00e9n pens\u00e1ndolo en ampliarlo al mismo, incluyendo a la Categor\u00eda \u201cMosquitos\u201d que son chicos hasta 10 a\u00f1os.<br \/>\n  En las finales de Mar del Plata, San Pedro, estar\u00e1 representada la Asociaci\u00f3n de Bochas, con una pareja de cada Categor\u00eda, al haber logrado el primer lugar en la Zona Norte de Lincoln, tanto en Sub.12 como en Sub.15.<br \/>\n  El Sub.15 que participara es el mismo equipo que ya fue este a\u00f1o Campe\u00f3n Provincial a\u00f1o 2018, y que disputo el Campeonato Argentino de la categor\u00eda en la ciudad de Berrotar\u00e1n, partido de Santa Rosa de Calamuchita, C\u00f3rdoba, y en el debut en campeonatos tambi\u00e9n estar\u00e1 una pareja del Sub.12, integrada por dos chicos de 10 a\u00f1os, ganadores de la zona en Lincoln.<br \/>\n  Integrantes del Sub 15: Ulises Farias (15 a\u00f1os, Club Sportivo Am\u00e9rica) y Germ\u00e1n Ledesma (15 a\u00f1os, Club de Bochas S. Pedro), cabe destacar que ambos son oriundos de la ciudad de Baradero. Ser\u00e1 Director T\u00e9cnico Diego Francia.<br \/>\n  El Sub 12: Est\u00e1 compuesto por Enzo C\u00f3rdoba (10 a\u00f1os, Club de Bochas Arrecifes) y Pablo Pereyra (10 a\u00f1os, U.A.T.R.E.). Director T\u00e9cnico Pablo Pereyra (P). Presidente de la Delegaci\u00f3n: Rub\u00e9n Vicens.<\/p>\n","protected":false},"excerpt":{"rendered":"<p>Este fin de semana, se disputar\u00e1n las Finales Infantiles Provinciales del \u201cProyecto Arrimemos al Chico\u201d, creado por la Federaci\u00f3n de Bochas de la Provincia de Buenos Aires. Con estos torneos las bochas infantiles en toda la provincia de Buenos Aires lograron una gran difusi\u00f3n y participaci\u00f3n, convocando mediante las 34 Asociaciones Federadas a participaci\u00f3n de [&hellip;]<\/p>\n","protected":false},"author":4,"featured_media":42453,"comment_status":"open","ping_status":"closed","sticky":false,"template":"","format":"standard","meta":{"om_disable_all_campaigns":false,"_jetpack_memberships_contains_paid_content":false,"footnotes":""},"categories":[5],"tags":[],"class_list":["post-42451","post","type-post","status-publish","format-standard","has-post-thumbnail","hentry","category-deportes"],"aioseo_notices":[],"gutentor_comment":0,"jetpack_featured_media_url":"https:\/\/eldiariodesanpedro.com.ar\/sitio\/wp-content\/uploads\/2018\/10\/Los-cuatro-jugadores-juveniles-de-San-Pedro..jpg","jetpack_shortlink":"https:\/\/wp.me\/p6RhLt-b2H","jetpack_sharing_enabled":true,"_links":{"self":[{"href":"https:\/\/eldiariodesanpedro.com.ar\/sitio\/wp-json\/wp\/v2\/posts\/42451","targetHints":{"allow":["GET"]}}],"collection":[{"href":"https:\/\/eldiariodesanpedro.com.ar\/sitio\/wp-json\/wp\/v2\/posts"}],"about":[{"href":"https:\/\/eldiariodesanpedro.com.ar\/sitio\/wp-json\/wp\/v2\/types\/post"}],"author":[{"embeddable":true,"href":"https:\/\/eldiariodesanpedro.com.ar\/sitio\/wp-json\/wp\/v2\/users\/4"}],"replies":[{"embeddable":true,"href":"https:\/\/eldiariodesanpedro.com.ar\/sitio\/wp-json\/wp\/v2\/comments?post=42451"}],"version-history":[{"count":1,"href":"https:\/\/eldiariodesanpedro.com.ar\/sitio\/wp-json\/wp\/v2\/posts\/42451\/revisions"}],"predecessor-version":[{"id":42458,"href":"https:\/\/eldiariodesanpedro.com.ar\/sitio\/wp-json\/wp\/v2\/posts\/42451\/revisions\/42458"}],"wp:featuredmedia":[{"embeddable":true,"href":"https:\/\/eldiariodesanpedro.com.ar\/sitio\/wp-json\/wp\/v2\/media\/42453"}],"wp:attachment":[{"href":"https:\/\/eldiariodesanpedro.com.ar\/sitio\/wp-json\/wp\/v2\/media?parent=42451"}],"wp:term":[{"taxonomy":"category","embeddable":true,"href":"https:\/\/eldiariodesanpedro.com.ar\/sitio\/wp-json\/wp\/v2\/categories?post=42451"},{"taxonomy":"post_tag","embeddable":true,"href":"https:\/\/eldiariodesanpedro.com.ar\/sitio\/wp-json\/wp\/v2\/tags?post=42451"}],"curies":[{"name":"wp","href":"https:\/\/api.w.org\/{rel}","templated":true}]}}