{"id":42446,"date":"2018-10-25T20:03:38","date_gmt":"2018-10-25T23:03:38","guid":{"rendered":"https:\/\/eldiariodesanpedro.com.ar\/sitio\/?p=42446"},"modified":"2018-10-25T20:03:38","modified_gmt":"2018-10-25T23:03:38","slug":"banca-abierta-la-escuela-18-solicita-el-resguardo-de-inspeccion-a-la-entrada-y-salida-de-alumnos","status":"publish","type":"post","link":"https:\/\/eldiariodesanpedro.com.ar\/sitio\/banca-abierta-la-escuela-18-solicita-el-resguardo-de-inspeccion-a-la-entrada-y-salida-de-alumnos\/","title":{"rendered":"Banca Abierta: La escuela 18 solicita el resguardo de inspecci\u00f3n a la entrada y salida de alumnos"},"content":{"rendered":"<p><!-- VideographyWP Plugin Message: Automatic video embedding prevented by plugin options. --><br \/>\nEn la ma\u00f1ana de este jueves, en la sesi\u00f3n del HCD, la Directora del Establecimiento Mar\u00eda Cecilia Belessi junto con el Presidente de la Cooperadora Javier Martino, hicieron uso de la banca abierta. Necesitan con urgencia que un m\u00f3vil de Inspecci\u00f3n este en el lugar cuando ingresan los alumnos y egresan de la escuela.<\/p>\n<p>El Presidente de la Cooperadora expreso: \u00abNuestra problem\u00e1tica es el tema de la velocidad de los autos, de que pasan por adelante de la escuela y como no tenemos guarray en el ingreso, nos resulta peligroso. Hace poco se despisto un auto, por suerte no tuvimos que lamentar victimas, estamos ac\u00e1 porque no sabemos a quien acudir, necesitamos una soluci\u00f3n, cuando se reparo la ruta se quitaron unas lomas de burro que nos ayudaban a que halla una reducci\u00f3n de velocidad\u00bb a 30 o 40 metros tenemos un cartel que indica que hay una escuela, hay gente de nuestra ciudad que no sabe que nos encontramos all\u00ed\u00bb.<\/p>\n<p>La Directora agrego: \u00abdesde el 2014 soy directora de la escuela primaria N\u00ba18, tenemos una carpeta completa de reclamos de la gesti\u00f3n anterior, nos dirigimos siempre a todas las entidades correspondientes, desde el concejo escolar a la municipalidad, tambi\u00e9n llego a la c\u00e1mara de diputados pero nunca tuvimos una respuesta, hoy solicitamos la banca abierta porque los papas est\u00e1n muy preocupados y cansados y quieren cortar la ruta, yo vengo a velar por la seguridad de mis alumnos, el pedido es urgente\u00bb.<\/p>\n<p>El Concejal Tirelli contesto a su reclamo: \u00abme tome el atrevimiento por mi parte de llamar a Vialidad de la Prov, porque todas las escuelas que est\u00e1n sobre ruta provinciales los municipios no les corresponde hacerse cargo, pero lo primero es que inspecci\u00f3n y transito solucione esto, hoy mismo hasta el final del ciclo lectivo, con respecto a se\u00f1alizacion de carteles no va a ver problemas para el a\u00f1o que viene, lo de lomas de burro y badenes es un poco mas complejo, pero nosotros vamos hacer una nota formal v\u00eda web y que el Municipio haga entrar el expediente a Vialidad de la Provincia YA\u00bb.<\/p>\n","protected":false},"excerpt":{"rendered":"<p>En la ma\u00f1ana de este jueves, en la sesi\u00f3n del HCD, la Directora del Establecimiento Mar\u00eda Cecilia Belessi junto con el Presidente de la Cooperadora Javier Martino, hicieron uso de la banca abierta. Necesitan con urgencia que un m\u00f3vil de Inspecci\u00f3n este en el lugar cuando ingresan los alumnos y egresan de la escuela. El [&hellip;]<\/p>\n","protected":false},"author":4,"featured_media":42447,"comment_status":"open","ping_status":"closed","sticky":false,"template":"","format":"standard","meta":{"om_disable_all_campaigns":false,"_jetpack_memberships_contains_paid_content":false,"footnotes":""},"categories":[50,101,2],"tags":[],"class_list":["post-42446","post","type-post","status-publish","format-standard","has-post-thumbnail","hentry","category-destacadas","category-interes-general-locales","category-locales"],"aioseo_notices":[],"gutentor_comment":0,"jetpack_featured_media_url":"https:\/\/eldiariodesanpedro.com.ar\/sitio\/wp-content\/uploads\/2018\/10\/Escuela-18-2.jpg","jetpack_shortlink":"https:\/\/wp.me\/p6RhLt-b2C","jetpack_sharing_enabled":true,"_links":{"self":[{"href":"https:\/\/eldiariodesanpedro.com.ar\/sitio\/wp-json\/wp\/v2\/posts\/42446","targetHints":{"allow":["GET"]}}],"collection":[{"href":"https:\/\/eldiariodesanpedro.com.ar\/sitio\/wp-json\/wp\/v2\/posts"}],"about":[{"href":"https:\/\/eldiariodesanpedro.com.ar\/sitio\/wp-json\/wp\/v2\/types\/post"}],"author":[{"embeddable":true,"href":"https:\/\/eldiariodesanpedro.com.ar\/sitio\/wp-json\/wp\/v2\/users\/4"}],"replies":[{"embeddable":true,"href":"https:\/\/eldiariodesanpedro.com.ar\/sitio\/wp-json\/wp\/v2\/comments?post=42446"}],"version-history":[{"count":2,"href":"https:\/\/eldiariodesanpedro.com.ar\/sitio\/wp-json\/wp\/v2\/posts\/42446\/revisions"}],"predecessor-version":[{"id":42449,"href":"https:\/\/eldiariodesanpedro.com.ar\/sitio\/wp-json\/wp\/v2\/posts\/42446\/revisions\/42449"}],"wp:featuredmedia":[{"embeddable":true,"href":"https:\/\/eldiariodesanpedro.com.ar\/sitio\/wp-json\/wp\/v2\/media\/42447"}],"wp:attachment":[{"href":"https:\/\/eldiariodesanpedro.com.ar\/sitio\/wp-json\/wp\/v2\/media?parent=42446"}],"wp:term":[{"taxonomy":"category","embeddable":true,"href":"https:\/\/eldiariodesanpedro.com.ar\/sitio\/wp-json\/wp\/v2\/categories?post=42446"},{"taxonomy":"post_tag","embeddable":true,"href":"https:\/\/eldiariodesanpedro.com.ar\/sitio\/wp-json\/wp\/v2\/tags?post=42446"}],"curies":[{"name":"wp","href":"https:\/\/api.w.org\/{rel}","templated":true}]}}