{"id":42442,"date":"2018-10-25T19:29:34","date_gmt":"2018-10-25T22:29:34","guid":{"rendered":"https:\/\/eldiariodesanpedro.com.ar\/sitio\/?p=42442"},"modified":"2018-10-25T19:29:34","modified_gmt":"2018-10-25T22:29:34","slug":"fabian-rodriguez-desconocia-que-debia-120-mil-pesos-de-patente","status":"publish","type":"post","link":"https:\/\/eldiariodesanpedro.com.ar\/sitio\/fabian-rodriguez-desconocia-que-debia-120-mil-pesos-de-patente\/","title":{"rendered":"Fabian Rodriguez desconoc\u00eda que deb\u00eda 120 mil pesos de patente"},"content":{"rendered":"<p><!-- VideographyWP Plugin Message: Automatic video embedding prevented by plugin options. --><br \/>\nEl ex Juez de Faltas y actual Secretario de Econom\u00eda, Fabian Rodriguez dijo desconocer la existencia de la deuda de patente de su autom\u00f3vil y manifest\u00f3 su preocupaci\u00f3n diciendo que investigar\u00e1 lo sucedido. <\/p>\n<p>En la ma\u00f1ana del jueves, luego de la sesi\u00f3n en el HCD, la concejal Florencia Sanchez del Bloque Frente para la Victoria &#8211; Unidad Ciudadana, denuncio p\u00fablicamente que el Secretario de Econom\u00eda debe m\u00e1s de 120 mil pesos de patente de su auto BMW.<\/p>\n<p>\u00abYa era deudor cuando fue designado Juez de Faltas, y deudor de patente, nada mas y nada menos. El es el titular del veh\u00edculo, as\u00ed que esto me demuestra que menos discurso y mas ejemplo\u00bb redacto en su denuncia la Concejal.  <\/p>\n<p>\u00abYo no me encargo de los pagos, efectivamente si, ese auto es mio, voy a investigar lo que paso\u00bb contesto el funcionario y responsabiliz\u00f3 al estudio contable que lleva su administraci\u00f3n que debe ocuparse de esta nueva noticia.  <\/p>\n<p><img decoding=\"async\" data-attachment-id=\"42443\" data-permalink=\"https:\/\/eldiariodesanpedro.com.ar\/sitio\/fabian-rodriguez-desconocia-que-debia-120-mil-pesos-de-patente\/whatsapp-image-2018-10-25-at-19-22-41\/\" data-orig-file=\"https:\/\/eldiariodesanpedro.com.ar\/sitio\/wp-content\/uploads\/2018\/10\/WhatsApp-Image-2018-10-25-at-19.22.41.jpeg\" data-orig-size=\"720,1280\" data-comments-opened=\"1\" data-image-meta=\"{&quot;aperture&quot;:&quot;0&quot;,&quot;credit&quot;:&quot;&quot;,&quot;camera&quot;:&quot;&quot;,&quot;caption&quot;:&quot;&quot;,&quot;created_timestamp&quot;:&quot;0&quot;,&quot;copyright&quot;:&quot;&quot;,&quot;focal_length&quot;:&quot;0&quot;,&quot;iso&quot;:&quot;0&quot;,&quot;shutter_speed&quot;:&quot;0&quot;,&quot;title&quot;:&quot;&quot;,&quot;orientation&quot;:&quot;0&quot;}\" data-image-title=\"WhatsApp Image 2018-10-25 at 19.22.41\" data-image-description=\"\" data-image-caption=\"\" data-large-file=\"https:\/\/eldiariodesanpedro.com.ar\/sitio\/wp-content\/uploads\/2018\/10\/WhatsApp-Image-2018-10-25-at-19.22.41-576x1024.jpeg\" data-src=\"https:\/\/eldiariodesanpedro.com.ar\/sitio\/wp-content\/uploads\/2018\/10\/WhatsApp-Image-2018-10-25-at-19.22.41-576x1024.jpeg\" alt=\"\" width=\"576\" height=\"1024\" class=\"alignnone size-large wp-image-42443 lazyload\" data-srcset=\"https:\/\/eldiariodesanpedro.com.ar\/sitio\/wp-content\/uploads\/2018\/10\/WhatsApp-Image-2018-10-25-at-19.22.41-576x1024.jpeg 576w, https:\/\/eldiariodesanpedro.com.ar\/sitio\/wp-content\/uploads\/2018\/10\/WhatsApp-Image-2018-10-25-at-19.22.41-169x300.jpeg 169w, https:\/\/eldiariodesanpedro.com.ar\/sitio\/wp-content\/uploads\/2018\/10\/WhatsApp-Image-2018-10-25-at-19.22.41.jpeg 720w\" data-sizes=\"(max-width: 576px) 100vw, 576px\" src=\"data:image\/svg+xml;base64,PHN2ZyB3aWR0aD0iMSIgaGVpZ2h0PSIxIiB4bWxucz0iaHR0cDovL3d3dy53My5vcmcvMjAwMC9zdmciPjwvc3ZnPg==\" style=\"--smush-placeholder-width: 576px; --smush-placeholder-aspect-ratio: 576\/1024;\" \/><\/p>\n","protected":false},"excerpt":{"rendered":"<p>El ex Juez de Faltas y actual Secretario de Econom\u00eda, Fabian Rodriguez dijo desconocer la existencia de la deuda de patente de su autom\u00f3vil y manifest\u00f3 su preocupaci\u00f3n diciendo que investigar\u00e1 lo sucedido. En la ma\u00f1ana del jueves, luego de la sesi\u00f3n en el HCD, la concejal Florencia Sanchez del Bloque Frente para la Victoria [&hellip;]<\/p>\n","protected":false},"author":4,"featured_media":42444,"comment_status":"open","ping_status":"closed","sticky":false,"template":"","format":"standard","meta":{"om_disable_all_campaigns":false,"_jetpack_memberships_contains_paid_content":false,"footnotes":""},"categories":[50,101,2],"tags":[],"class_list":["post-42442","post","type-post","status-publish","format-standard","has-post-thumbnail","hentry","category-destacadas","category-interes-general-locales","category-locales"],"aioseo_notices":[],"gutentor_comment":1,"jetpack_featured_media_url":"https:\/\/eldiariodesanpedro.com.ar\/sitio\/wp-content\/uploads\/2018\/10\/ramon_salazar_fabian_rodriguez.jpg","jetpack_shortlink":"https:\/\/wp.me\/p6RhLt-b2y","jetpack_sharing_enabled":true,"_links":{"self":[{"href":"https:\/\/eldiariodesanpedro.com.ar\/sitio\/wp-json\/wp\/v2\/posts\/42442","targetHints":{"allow":["GET"]}}],"collection":[{"href":"https:\/\/eldiariodesanpedro.com.ar\/sitio\/wp-json\/wp\/v2\/posts"}],"about":[{"href":"https:\/\/eldiariodesanpedro.com.ar\/sitio\/wp-json\/wp\/v2\/types\/post"}],"author":[{"embeddable":true,"href":"https:\/\/eldiariodesanpedro.com.ar\/sitio\/wp-json\/wp\/v2\/users\/4"}],"replies":[{"embeddable":true,"href":"https:\/\/eldiariodesanpedro.com.ar\/sitio\/wp-json\/wp\/v2\/comments?post=42442"}],"version-history":[{"count":1,"href":"https:\/\/eldiariodesanpedro.com.ar\/sitio\/wp-json\/wp\/v2\/posts\/42442\/revisions"}],"predecessor-version":[{"id":42445,"href":"https:\/\/eldiariodesanpedro.com.ar\/sitio\/wp-json\/wp\/v2\/posts\/42442\/revisions\/42445"}],"wp:featuredmedia":[{"embeddable":true,"href":"https:\/\/eldiariodesanpedro.com.ar\/sitio\/wp-json\/wp\/v2\/media\/42444"}],"wp:attachment":[{"href":"https:\/\/eldiariodesanpedro.com.ar\/sitio\/wp-json\/wp\/v2\/media?parent=42442"}],"wp:term":[{"taxonomy":"category","embeddable":true,"href":"https:\/\/eldiariodesanpedro.com.ar\/sitio\/wp-json\/wp\/v2\/categories?post=42442"},{"taxonomy":"post_tag","embeddable":true,"href":"https:\/\/eldiariodesanpedro.com.ar\/sitio\/wp-json\/wp\/v2\/tags?post=42442"}],"curies":[{"name":"wp","href":"https:\/\/api.w.org\/{rel}","templated":true}]}}