{"id":42439,"date":"2018-10-25T11:45:10","date_gmt":"2018-10-25T14:45:10","guid":{"rendered":"https:\/\/eldiariodesanpedro.com.ar\/sitio\/?p=42439"},"modified":"2018-10-25T11:45:10","modified_gmt":"2018-10-25T14:45:10","slug":"san-nicolas-esclarecieron-el-robo-calificado-a-un-minimercado","status":"publish","type":"post","link":"https:\/\/eldiariodesanpedro.com.ar\/sitio\/san-nicolas-esclarecieron-el-robo-calificado-a-un-minimercado\/","title":{"rendered":"SAN NICOL\u00c1S: Esclarecieron el robo calificado a un minimercado"},"content":{"rendered":"<p><!-- VideographyWP Plugin Message: Automatic video embedding prevented by plugin options. --><br \/>\nPersonal de la DDI local junto a la Comisar\u00eda Primera realizaron un allanamiento que arroj\u00f3 resultados positivos. La diligencia se concret\u00f3 luego de avanzar r\u00e1pidamente en la investigaci\u00f3n de un robo calificado ocurrido d\u00edas atr\u00e1s.<\/p>\n<p>El hecho tuvo lugar el pasado 6 de octubre en un comercio ubicado en calle Espa\u00f1a al 1000. Un sujeto ingres\u00f3 y con un arma de fuego amenaz\u00f3 a la empleada, sustray\u00e9ndole la recaudaci\u00f3n del d\u00eda, un total de $19.200.<\/p>\n<p>El ladr\u00f3n huy\u00f3 a bordo de una moto conducida por otro c\u00f3mplice que lo esperaba en la puerta.<\/p>\n<p>Tras la denuncia, se inici\u00f3 la investigaci\u00f3n logr\u00e1ndose la aprehensi\u00f3n de Franco Fern\u00e1ndez, un joven de 20 a\u00f1os domiciliado en calle Del Forno al 1082. En el lugar, tambi\u00e9n se secuestr\u00f3 el dinero sustra\u00eddo, un par de zapatillas, un pantal\u00f3n, una planta de marihuana de 30 cm de alto y un trozo de la misma sustancia.<\/p>\n<p>Se labraron actuaciones por Esclarecimiento del Robo Calificado, Infracci\u00f3n Ley 23737, Captura, Secuestros.<br \/>\nFuente: El INformante<\/p>\n","protected":false},"excerpt":{"rendered":"<p>Personal de la DDI local junto a la Comisar\u00eda Primera realizaron un allanamiento que arroj\u00f3 resultados positivos. La diligencia se concret\u00f3 luego de avanzar r\u00e1pidamente en la investigaci\u00f3n de un robo calificado ocurrido d\u00edas atr\u00e1s. El hecho tuvo lugar el pasado 6 de octubre en un comercio ubicado en calle Espa\u00f1a al 1000. Un sujeto [&hellip;]<\/p>\n","protected":false},"author":4,"featured_media":42440,"comment_status":"open","ping_status":"closed","sticky":false,"template":"","format":"standard","meta":{"om_disable_all_campaigns":false,"_jetpack_memberships_contains_paid_content":false,"footnotes":""},"categories":[621],"tags":[],"class_list":["post-42439","post","type-post","status-publish","format-standard","has-post-thumbnail","hentry","category-regionales"],"aioseo_notices":[],"gutentor_comment":0,"jetpack_featured_media_url":"https:\/\/eldiariodesanpedro.com.ar\/sitio\/wp-content\/uploads\/2018\/10\/nop1cqj06ntt181ef386vuodg1m4b1.jpg","jetpack_shortlink":"https:\/\/wp.me\/p6RhLt-b2v","jetpack_sharing_enabled":true,"_links":{"self":[{"href":"https:\/\/eldiariodesanpedro.com.ar\/sitio\/wp-json\/wp\/v2\/posts\/42439","targetHints":{"allow":["GET"]}}],"collection":[{"href":"https:\/\/eldiariodesanpedro.com.ar\/sitio\/wp-json\/wp\/v2\/posts"}],"about":[{"href":"https:\/\/eldiariodesanpedro.com.ar\/sitio\/wp-json\/wp\/v2\/types\/post"}],"author":[{"embeddable":true,"href":"https:\/\/eldiariodesanpedro.com.ar\/sitio\/wp-json\/wp\/v2\/users\/4"}],"replies":[{"embeddable":true,"href":"https:\/\/eldiariodesanpedro.com.ar\/sitio\/wp-json\/wp\/v2\/comments?post=42439"}],"version-history":[{"count":1,"href":"https:\/\/eldiariodesanpedro.com.ar\/sitio\/wp-json\/wp\/v2\/posts\/42439\/revisions"}],"predecessor-version":[{"id":42441,"href":"https:\/\/eldiariodesanpedro.com.ar\/sitio\/wp-json\/wp\/v2\/posts\/42439\/revisions\/42441"}],"wp:featuredmedia":[{"embeddable":true,"href":"https:\/\/eldiariodesanpedro.com.ar\/sitio\/wp-json\/wp\/v2\/media\/42440"}],"wp:attachment":[{"href":"https:\/\/eldiariodesanpedro.com.ar\/sitio\/wp-json\/wp\/v2\/media?parent=42439"}],"wp:term":[{"taxonomy":"category","embeddable":true,"href":"https:\/\/eldiariodesanpedro.com.ar\/sitio\/wp-json\/wp\/v2\/categories?post=42439"},{"taxonomy":"post_tag","embeddable":true,"href":"https:\/\/eldiariodesanpedro.com.ar\/sitio\/wp-json\/wp\/v2\/tags?post=42439"}],"curies":[{"name":"wp","href":"https:\/\/api.w.org\/{rel}","templated":true}]}}