{"id":42436,"date":"2018-10-25T11:40:02","date_gmt":"2018-10-25T14:40:02","guid":{"rendered":"https:\/\/eldiariodesanpedro.com.ar\/sitio\/?p=42436"},"modified":"2018-10-25T11:40:02","modified_gmt":"2018-10-25T14:40:02","slug":"zarate-desvincularon-al-comisario-de-la-dependencia","status":"publish","type":"post","link":"https:\/\/eldiariodesanpedro.com.ar\/sitio\/zarate-desvincularon-al-comisario-de-la-dependencia\/","title":{"rendered":"ZARATE: Desvincularon al Comisario de la dependencia"},"content":{"rendered":"<p><!-- VideographyWP Plugin Message: Automatic video embedding prevented by plugin options. --><br \/>\nSeg\u00fan public\u00f3 el diario La Voz, el lunes se conoci\u00f3 la decisi\u00f3n del \u00e1rea de Asuntos Internos dependiente del Ministerio de Seguridad de la Provincia de Buenos Aires. Los motivos por los que Diego Ju\u00e1rez fue removido, parece ser una causa en d\u00f3nde se lo acusa de \u00abtormentos, vejaciones y apremios ilegales\u00bb.<\/p>\n<p>Seg\u00fan la informaci\u00f3n a la que pudo acceder La Voz, mediante la Resoluci\u00f3n N\u00b0 6421 de Asuntos Internos, se procedi\u00f3 el pasado 22 de octubre con la decisi\u00f3n de relevarlo de su puesto tras haber cometido la infracci\u00f3n al Art\u00edculo 22 inciso \u201cC\u201d: haber sido condenado judicialmente a pena privativa de la libertad e inhabilitaci\u00f3n para el ejercicio de la funci\u00f3n policial.<\/p>\n<p>Diego Ju\u00e1rez hab\u00eda asumido al cargo de la Comisar\u00eda 1ra en marzo de 2018, tras un recambio de la c\u00fapula policial en la localidad. De manera moment\u00e1nea, hasta encontrar un reemplazo ser\u00e1 el Sub. Santiago Nicol\u00e1s Mansilla quien ocupar\u00e1 el cargo.<\/p>\n<p>Fuente: Zarate Alerta<\/p>\n","protected":false},"excerpt":{"rendered":"<p>Seg\u00fan public\u00f3 el diario La Voz, el lunes se conoci\u00f3 la decisi\u00f3n del \u00e1rea de Asuntos Internos dependiente del Ministerio de Seguridad de la Provincia de Buenos Aires. Los motivos por los que Diego Ju\u00e1rez fue removido, parece ser una causa en d\u00f3nde se lo acusa de \u00abtormentos, vejaciones y apremios ilegales\u00bb. Seg\u00fan la informaci\u00f3n [&hellip;]<\/p>\n","protected":false},"author":4,"featured_media":42437,"comment_status":"open","ping_status":"closed","sticky":false,"template":"","format":"standard","meta":{"om_disable_all_campaigns":false,"_jetpack_memberships_contains_paid_content":false,"footnotes":""},"categories":[621],"tags":[],"class_list":["post-42436","post","type-post","status-publish","format-standard","has-post-thumbnail","hentry","category-regionales"],"aioseo_notices":[],"gutentor_comment":0,"jetpack_featured_media_url":"https:\/\/eldiariodesanpedro.com.ar\/sitio\/wp-content\/uploads\/2018\/10\/2018-10-25-1.png","jetpack_shortlink":"https:\/\/wp.me\/p6RhLt-b2s","jetpack_sharing_enabled":true,"_links":{"self":[{"href":"https:\/\/eldiariodesanpedro.com.ar\/sitio\/wp-json\/wp\/v2\/posts\/42436","targetHints":{"allow":["GET"]}}],"collection":[{"href":"https:\/\/eldiariodesanpedro.com.ar\/sitio\/wp-json\/wp\/v2\/posts"}],"about":[{"href":"https:\/\/eldiariodesanpedro.com.ar\/sitio\/wp-json\/wp\/v2\/types\/post"}],"author":[{"embeddable":true,"href":"https:\/\/eldiariodesanpedro.com.ar\/sitio\/wp-json\/wp\/v2\/users\/4"}],"replies":[{"embeddable":true,"href":"https:\/\/eldiariodesanpedro.com.ar\/sitio\/wp-json\/wp\/v2\/comments?post=42436"}],"version-history":[{"count":1,"href":"https:\/\/eldiariodesanpedro.com.ar\/sitio\/wp-json\/wp\/v2\/posts\/42436\/revisions"}],"predecessor-version":[{"id":42438,"href":"https:\/\/eldiariodesanpedro.com.ar\/sitio\/wp-json\/wp\/v2\/posts\/42436\/revisions\/42438"}],"wp:featuredmedia":[{"embeddable":true,"href":"https:\/\/eldiariodesanpedro.com.ar\/sitio\/wp-json\/wp\/v2\/media\/42437"}],"wp:attachment":[{"href":"https:\/\/eldiariodesanpedro.com.ar\/sitio\/wp-json\/wp\/v2\/media?parent=42436"}],"wp:term":[{"taxonomy":"category","embeddable":true,"href":"https:\/\/eldiariodesanpedro.com.ar\/sitio\/wp-json\/wp\/v2\/categories?post=42436"},{"taxonomy":"post_tag","embeddable":true,"href":"https:\/\/eldiariodesanpedro.com.ar\/sitio\/wp-json\/wp\/v2\/tags?post=42436"}],"curies":[{"name":"wp","href":"https:\/\/api.w.org\/{rel}","templated":true}]}}