{"id":42433,"date":"2018-10-25T11:31:15","date_gmt":"2018-10-25T14:31:15","guid":{"rendered":"https:\/\/eldiariodesanpedro.com.ar\/sitio\/?p=42433"},"modified":"2018-10-25T11:31:15","modified_gmt":"2018-10-25T14:31:15","slug":"zarate-identificaron-al-hombre-calcinado-en-escalada","status":"publish","type":"post","link":"https:\/\/eldiariodesanpedro.com.ar\/sitio\/zarate-identificaron-al-hombre-calcinado-en-escalada\/","title":{"rendered":"Z\u00c1RATE: Identificaron al hombre calcinado en Escalada"},"content":{"rendered":"<p><!-- VideographyWP Plugin Message: Automatic video embedding prevented by plugin options. --><br \/>\nHab\u00eda desaparecido de su departamento en Villa Crespo y lo hallaron en un campo de Escalada.<\/p>\n<p>Un empresario italiano de 46 a\u00f1os que hab\u00eda desaparecido de su departamento, en el barrio porte\u00f1o de Villa Crespo, fue hallado calcinado, y con cuatro balazos en la espalda, en un campo del partido de Z\u00e1rate.<\/p>\n<p>La v\u00edctima fue identificada como Vittorio Piva, nacido en Mil\u00e1n, quien estaba viviendo en un departamento de la calle Lavalleja al 100, el cual fue allanado por la Polic\u00eda y estaba todo revuelto. Seg\u00fan los investigadores de la Polic\u00eda Bonaerense, Piva tendr\u00eda antecedentes por narcotr\u00e1fico y hab\u00eda sido visto por \u00faltima vez el 12 de octubre.<\/p>\n<p>El cuerpo fue encontrado el jueves 18 a la ma\u00f1ana a la altura del kil\u00f3metro 10 de la ruta 193, en medio de un campo, en Z\u00e1rate. Su muerte se habr\u00eda producido con una data de 24 a 36 horas antes de producirse el hallazgo del cad\u00e1ver. Creen que lo mataron en su departamento.<\/p>\n<p>La Polic\u00eda Federal contaba con un pedido de averiguaci\u00f3n de paradero. El caso es investigado por la DDI de Z\u00e1rate-Campana.<\/p>\n<p>Fuente: Zarate Alerta<\/p>\n","protected":false},"excerpt":{"rendered":"<p>Hab\u00eda desaparecido de su departamento en Villa Crespo y lo hallaron en un campo de Escalada. Un empresario italiano de 46 a\u00f1os que hab\u00eda desaparecido de su departamento, en el barrio porte\u00f1o de Villa Crespo, fue hallado calcinado, y con cuatro balazos en la espalda, en un campo del partido de Z\u00e1rate. La v\u00edctima fue [&hellip;]<\/p>\n","protected":false},"author":4,"featured_media":42434,"comment_status":"open","ping_status":"closed","sticky":false,"template":"","format":"standard","meta":{"om_disable_all_campaigns":false,"_jetpack_memberships_contains_paid_content":false,"footnotes":""},"categories":[621],"tags":[],"class_list":["post-42433","post","type-post","status-publish","format-standard","has-post-thumbnail","hentry","category-regionales"],"aioseo_notices":[],"gutentor_comment":0,"jetpack_featured_media_url":"https:\/\/eldiariodesanpedro.com.ar\/sitio\/wp-content\/uploads\/2018\/10\/2018-10-25.png","jetpack_shortlink":"https:\/\/wp.me\/p6RhLt-b2p","jetpack_sharing_enabled":true,"_links":{"self":[{"href":"https:\/\/eldiariodesanpedro.com.ar\/sitio\/wp-json\/wp\/v2\/posts\/42433","targetHints":{"allow":["GET"]}}],"collection":[{"href":"https:\/\/eldiariodesanpedro.com.ar\/sitio\/wp-json\/wp\/v2\/posts"}],"about":[{"href":"https:\/\/eldiariodesanpedro.com.ar\/sitio\/wp-json\/wp\/v2\/types\/post"}],"author":[{"embeddable":true,"href":"https:\/\/eldiariodesanpedro.com.ar\/sitio\/wp-json\/wp\/v2\/users\/4"}],"replies":[{"embeddable":true,"href":"https:\/\/eldiariodesanpedro.com.ar\/sitio\/wp-json\/wp\/v2\/comments?post=42433"}],"version-history":[{"count":1,"href":"https:\/\/eldiariodesanpedro.com.ar\/sitio\/wp-json\/wp\/v2\/posts\/42433\/revisions"}],"predecessor-version":[{"id":42435,"href":"https:\/\/eldiariodesanpedro.com.ar\/sitio\/wp-json\/wp\/v2\/posts\/42433\/revisions\/42435"}],"wp:featuredmedia":[{"embeddable":true,"href":"https:\/\/eldiariodesanpedro.com.ar\/sitio\/wp-json\/wp\/v2\/media\/42434"}],"wp:attachment":[{"href":"https:\/\/eldiariodesanpedro.com.ar\/sitio\/wp-json\/wp\/v2\/media?parent=42433"}],"wp:term":[{"taxonomy":"category","embeddable":true,"href":"https:\/\/eldiariodesanpedro.com.ar\/sitio\/wp-json\/wp\/v2\/categories?post=42433"},{"taxonomy":"post_tag","embeddable":true,"href":"https:\/\/eldiariodesanpedro.com.ar\/sitio\/wp-json\/wp\/v2\/tags?post=42433"}],"curies":[{"name":"wp","href":"https:\/\/api.w.org\/{rel}","templated":true}]}}