{"id":42430,"date":"2018-10-25T11:24:17","date_gmt":"2018-10-25T14:24:17","guid":{"rendered":"https:\/\/eldiariodesanpedro.com.ar\/sitio\/?p=42430"},"modified":"2018-10-25T11:24:17","modified_gmt":"2018-10-25T14:24:17","slug":"san-nicolas-atraparon-al-ultimo-profugo-del-intento-de-homicidio-al-policia-mauro-rial","status":"publish","type":"post","link":"https:\/\/eldiariodesanpedro.com.ar\/sitio\/san-nicolas-atraparon-al-ultimo-profugo-del-intento-de-homicidio-al-policia-mauro-rial\/","title":{"rendered":"SAN NICOL\u00c1S: Atraparon al \u00faltimo pr\u00f3fugo del intento de homicidio al polic\u00eda Mauro Rial"},"content":{"rendered":"<p><!-- VideographyWP Plugin Message: Automatic video embedding prevented by plugin options. --><br \/>\nPersonal de la DDI San Nicol\u00e1s junto al personal de la Comisar\u00eda Tercera y el Comando Patrullas logr\u00f3 dar con el paradero del \u00faltimo pr\u00f3fugo buscado por la tentativa de homicidio del efectivo policial Mauro Rial. El detenido es Braian Izaac M\u00e9ndez, tiene 27 a\u00f1os y frecuentaba la ciudad de Rosario.<\/p>\n<p>M\u00e9ndez est\u00e1 imputado por Homicidio en Grado de Tentativa, Robo Calificado en Poblado y Banda, y robo Calificado por Uso de Arma de Fuego. Este sujeto junto a Sebasti\u00e1n Mora D\u00edaz (26), Jonathan M\u00e9ndez (23), Cristian Acosta (26) y Carlos Velo (23) efectuaron una balacera contra el subteniente Mauro Rial, quien recibi\u00f3 al menos ocho heridas de bala. Fue en el marco de un asalto en la estaci\u00f3n de servicio ubicada en el ACA ocurrido el pasado 16 de marzo del 2016, en Av. Illia y Arroyo del Medio.<\/p>\n<p>Tras haber recibido un nuevo material de l\u00edneas intervenidas, se estableci\u00f3 que el pr\u00f3fugo, estar\u00eda detenido en Rosario por la comisi\u00f3n de un il\u00edcito en dicha ciudad ocultando su verdadera identidad. <\/p>\n<p>Comisionado Grupos Operativos, de la DDI de la localidad de Rosario, establecieron que efectivamente el detenido en Rosario era pr\u00f3fugo exhaustivamente buscado.<\/p>\n<p>Fuente: El Informante<\/p>\n","protected":false},"excerpt":{"rendered":"<p>Personal de la DDI San Nicol\u00e1s junto al personal de la Comisar\u00eda Tercera y el Comando Patrullas logr\u00f3 dar con el paradero del \u00faltimo pr\u00f3fugo buscado por la tentativa de homicidio del efectivo policial Mauro Rial. El detenido es Braian Izaac M\u00e9ndez, tiene 27 a\u00f1os y frecuentaba la ciudad de Rosario. M\u00e9ndez est\u00e1 imputado por [&hellip;]<\/p>\n","protected":false},"author":4,"featured_media":42431,"comment_status":"open","ping_status":"closed","sticky":false,"template":"","format":"standard","meta":{"om_disable_all_campaigns":false,"_jetpack_memberships_contains_paid_content":false,"footnotes":""},"categories":[621],"tags":[],"class_list":["post-42430","post","type-post","status-publish","format-standard","has-post-thumbnail","hentry","category-regionales"],"aioseo_notices":[],"gutentor_comment":0,"jetpack_featured_media_url":"https:\/\/eldiariodesanpedro.com.ar\/sitio\/wp-content\/uploads\/2018\/10\/nop1cqlj4v3lir01pgaptemjbclv1.jpg","jetpack_shortlink":"https:\/\/wp.me\/p6RhLt-b2m","jetpack_sharing_enabled":true,"_links":{"self":[{"href":"https:\/\/eldiariodesanpedro.com.ar\/sitio\/wp-json\/wp\/v2\/posts\/42430","targetHints":{"allow":["GET"]}}],"collection":[{"href":"https:\/\/eldiariodesanpedro.com.ar\/sitio\/wp-json\/wp\/v2\/posts"}],"about":[{"href":"https:\/\/eldiariodesanpedro.com.ar\/sitio\/wp-json\/wp\/v2\/types\/post"}],"author":[{"embeddable":true,"href":"https:\/\/eldiariodesanpedro.com.ar\/sitio\/wp-json\/wp\/v2\/users\/4"}],"replies":[{"embeddable":true,"href":"https:\/\/eldiariodesanpedro.com.ar\/sitio\/wp-json\/wp\/v2\/comments?post=42430"}],"version-history":[{"count":1,"href":"https:\/\/eldiariodesanpedro.com.ar\/sitio\/wp-json\/wp\/v2\/posts\/42430\/revisions"}],"predecessor-version":[{"id":42432,"href":"https:\/\/eldiariodesanpedro.com.ar\/sitio\/wp-json\/wp\/v2\/posts\/42430\/revisions\/42432"}],"wp:featuredmedia":[{"embeddable":true,"href":"https:\/\/eldiariodesanpedro.com.ar\/sitio\/wp-json\/wp\/v2\/media\/42431"}],"wp:attachment":[{"href":"https:\/\/eldiariodesanpedro.com.ar\/sitio\/wp-json\/wp\/v2\/media?parent=42430"}],"wp:term":[{"taxonomy":"category","embeddable":true,"href":"https:\/\/eldiariodesanpedro.com.ar\/sitio\/wp-json\/wp\/v2\/categories?post=42430"},{"taxonomy":"post_tag","embeddable":true,"href":"https:\/\/eldiariodesanpedro.com.ar\/sitio\/wp-json\/wp\/v2\/tags?post=42430"}],"curies":[{"name":"wp","href":"https:\/\/api.w.org\/{rel}","templated":true}]}}