{"id":42427,"date":"2018-10-25T11:18:53","date_gmt":"2018-10-25T14:18:53","guid":{"rendered":"https:\/\/eldiariodesanpedro.com.ar\/sitio\/?p=42427"},"modified":"2018-10-25T11:18:53","modified_gmt":"2018-10-25T14:18:53","slug":"arrecifes-proponen-que-se-multe-con-un-minimo-de-10-000-a-quienes-usen-cortes-en-las-motos","status":"publish","type":"post","link":"https:\/\/eldiariodesanpedro.com.ar\/sitio\/arrecifes-proponen-que-se-multe-con-un-minimo-de-10-000-a-quienes-usen-cortes-en-las-motos\/","title":{"rendered":"ARRECIFES: Proponen que se multe con un m\u00ednimo de $ 10.000 a quienes usen \u201ccortes\u201d en las motos"},"content":{"rendered":"<p><!-- VideographyWP Plugin Message: Automatic video embedding prevented by plugin options. --><br \/>\nEn la sesi\u00f3n de este mi\u00e9rcoles del Concejo Deliberante ingres\u00f3 un proyecto de Cambiemos solicitando la modificaci\u00f3n del art\u00edculo 3\u00ba de la ordenanza 2647\/15, que refiere a la \u201cprohibici\u00f3n de circulaci\u00f3n en nuestra ciudad de veh\u00edculos cuyos sistemas de aceleraci\u00f3n y escape hayan sido modificados mediante la utilizaci\u00f3n de dispositivos electr\u00f3nicos\u201d.<\/p>\n<p>Esta modificaci\u00f3n est\u00e1 dirigida a endurecer las medidas para evitar los denominados \u201ccortes\u201d con los que algunos motociclistas alteran el espacio p\u00fablico con fuertes y molestos ruidos de explosi\u00f3n.<\/p>\n<p>El concejal Mart\u00edn Reddy explic\u00f3: \u201cProponemos que la multa m\u00ednima se eleve a unos 10.000 pesos, y que sean efectivamente cobrados antes de que los propietarios de las motos secuestradas por esta falta las retiren. Tenemos entendido que actualmente se les pide que le quiten ese sistema pero no les cobran multas\u201d.<\/p>\n<p>\u201cAdem\u00e1s, que se proh\u00edba la venta de esos elementos electr\u00f3nicos en los comercios de Arrecifes, y que la Secretar\u00eda de Seguridad tenga la facultad de inspeccionar y sancionar a quienes no cumplan con esta prohibici\u00f3n\u201d.<\/p>\n<p>El proyecto fue enviado a comisi\u00f3n para su estudio.<\/p>\n","protected":false},"excerpt":{"rendered":"<p>En la sesi\u00f3n de este mi\u00e9rcoles del Concejo Deliberante ingres\u00f3 un proyecto de Cambiemos solicitando la modificaci\u00f3n del art\u00edculo 3\u00ba de la ordenanza 2647\/15, que refiere a la \u201cprohibici\u00f3n de circulaci\u00f3n en nuestra ciudad de veh\u00edculos cuyos sistemas de aceleraci\u00f3n y escape hayan sido modificados mediante la utilizaci\u00f3n de dispositivos electr\u00f3nicos\u201d. Esta modificaci\u00f3n est\u00e1 dirigida [&hellip;]<\/p>\n","protected":false},"author":4,"featured_media":42428,"comment_status":"open","ping_status":"closed","sticky":false,"template":"","format":"standard","meta":{"om_disable_all_campaigns":false,"_jetpack_memberships_contains_paid_content":false,"footnotes":""},"categories":[621],"tags":[],"class_list":["post-42427","post","type-post","status-publish","format-standard","has-post-thumbnail","hentry","category-regionales"],"aioseo_notices":[],"gutentor_comment":0,"jetpack_featured_media_url":"https:\/\/eldiariodesanpedro.com.ar\/sitio\/wp-content\/uploads\/2018\/10\/maxresdefault.jpg","jetpack_shortlink":"https:\/\/wp.me\/p6RhLt-b2j","jetpack_sharing_enabled":true,"_links":{"self":[{"href":"https:\/\/eldiariodesanpedro.com.ar\/sitio\/wp-json\/wp\/v2\/posts\/42427","targetHints":{"allow":["GET"]}}],"collection":[{"href":"https:\/\/eldiariodesanpedro.com.ar\/sitio\/wp-json\/wp\/v2\/posts"}],"about":[{"href":"https:\/\/eldiariodesanpedro.com.ar\/sitio\/wp-json\/wp\/v2\/types\/post"}],"author":[{"embeddable":true,"href":"https:\/\/eldiariodesanpedro.com.ar\/sitio\/wp-json\/wp\/v2\/users\/4"}],"replies":[{"embeddable":true,"href":"https:\/\/eldiariodesanpedro.com.ar\/sitio\/wp-json\/wp\/v2\/comments?post=42427"}],"version-history":[{"count":1,"href":"https:\/\/eldiariodesanpedro.com.ar\/sitio\/wp-json\/wp\/v2\/posts\/42427\/revisions"}],"predecessor-version":[{"id":42429,"href":"https:\/\/eldiariodesanpedro.com.ar\/sitio\/wp-json\/wp\/v2\/posts\/42427\/revisions\/42429"}],"wp:featuredmedia":[{"embeddable":true,"href":"https:\/\/eldiariodesanpedro.com.ar\/sitio\/wp-json\/wp\/v2\/media\/42428"}],"wp:attachment":[{"href":"https:\/\/eldiariodesanpedro.com.ar\/sitio\/wp-json\/wp\/v2\/media?parent=42427"}],"wp:term":[{"taxonomy":"category","embeddable":true,"href":"https:\/\/eldiariodesanpedro.com.ar\/sitio\/wp-json\/wp\/v2\/categories?post=42427"},{"taxonomy":"post_tag","embeddable":true,"href":"https:\/\/eldiariodesanpedro.com.ar\/sitio\/wp-json\/wp\/v2\/tags?post=42427"}],"curies":[{"name":"wp","href":"https:\/\/api.w.org\/{rel}","templated":true}]}}