{"id":42424,"date":"2018-10-25T11:09:40","date_gmt":"2018-10-25T14:09:40","guid":{"rendered":"https:\/\/eldiariodesanpedro.com.ar\/sitio\/?p=42424"},"modified":"2018-10-25T11:09:40","modified_gmt":"2018-10-25T14:09:40","slug":"san-nicolas-denuncio-al-novio-por-abusar-sexualmente-de-su-hermanita-de-11-anos","status":"publish","type":"post","link":"https:\/\/eldiariodesanpedro.com.ar\/sitio\/san-nicolas-denuncio-al-novio-por-abusar-sexualmente-de-su-hermanita-de-11-anos\/","title":{"rendered":"SAN NICOL\u00c1S: Denunci\u00f3 al novio por abusar sexualmente de su hermanita de 11 a\u00f1os"},"content":{"rendered":"<p><!-- VideographyWP Plugin Message: Automatic video embedding prevented by plugin options. --><br \/>\nEl fin de semana se iniciaron actuaciones por una denuncia de una joven de 19 a\u00f1os por Abuso Sexual contra su hermana menor de 11 a\u00f1os.<\/p>\n<p>La misma reside en barrio Virgen del Luj\u00e1n y manifest\u00f3 que el 19 de Octubre al arribar a su domicilio donde vive junto a dos hermanas menores (16 y 11 a\u00f1os); observo a esta \u00faltima, salir de la habitaci\u00f3n de su hermana de 16 y seguidamente ve salir a la pareja de esta joven; un menor de 16 a\u00f1os tambi\u00e9n; quien se dirige al ba\u00f1o, negando que pasara algo.<\/p>\n<p>La ni\u00f1a refiere llorando que su cu\u00f1ado la beso y la empuj\u00f3 sobre la cama, y le bajo los pantalones.<\/p>\n<p>Interviene la UFI del Joven N\u00ba 2. La ni\u00f1a se encuentra hospitalizada recibiendo asistencia m\u00e9dica, aplicando protocolo por abuso sexual.<\/p>\n<p>Le\u00e9 tambi\u00e9n  Estaba pr\u00f3fugo y fue detenido por abusar de su peque\u00f1a hijastra<br \/>\nAsimismo se halla asistida por el Servicio de Ni\u00f1ez y el Equipo Interdisciplinario de la Comisaria de la Mujer.<\/p>\n<p>El denunciado fue notificado de la formaci\u00f3n de la causa siendo un menor de 16 a\u00f1os y se encuentra en libertad.<\/p>\n<p>Las revisaciones realizadas por m\u00e9dico de polic\u00eda arroj\u00f3 que no hay signos de penetraci\u00f3n en la ni\u00f1a. La causa contin\u00faa como Abuso Sexual, ya que habr\u00eda padecido tocamientos y otras acciones por parte del novio de su hermana.<\/p>\n<p>Personal policial de la Comisar\u00eda Segunda mantiene recorridas en Barrio V\u00edrgen del Luj\u00e1n ya que los vecinos manifestaron en redes sociales el malestar y se intentaban reunir para pedir justicia y la aprehensi\u00f3n del menor acusado.<\/p>\n<p>Fuente: El Informante<\/p>\n","protected":false},"excerpt":{"rendered":"<p>El fin de semana se iniciaron actuaciones por una denuncia de una joven de 19 a\u00f1os por Abuso Sexual contra su hermana menor de 11 a\u00f1os. La misma reside en barrio Virgen del Luj\u00e1n y manifest\u00f3 que el 19 de Octubre al arribar a su domicilio donde vive junto a dos hermanas menores (16 y [&hellip;]<\/p>\n","protected":false},"author":4,"featured_media":42425,"comment_status":"open","ping_status":"closed","sticky":false,"template":"","format":"standard","meta":{"om_disable_all_campaigns":false,"_jetpack_memberships_contains_paid_content":false,"footnotes":""},"categories":[621],"tags":[],"class_list":["post-42424","post","type-post","status-publish","format-standard","has-post-thumbnail","hentry","category-regionales"],"aioseo_notices":[],"gutentor_comment":0,"jetpack_featured_media_url":"https:\/\/eldiariodesanpedro.com.ar\/sitio\/wp-content\/uploads\/2018\/10\/abuso-sexual-1-850x491.jpg","jetpack_shortlink":"https:\/\/wp.me\/p6RhLt-b2g","jetpack_sharing_enabled":true,"_links":{"self":[{"href":"https:\/\/eldiariodesanpedro.com.ar\/sitio\/wp-json\/wp\/v2\/posts\/42424","targetHints":{"allow":["GET"]}}],"collection":[{"href":"https:\/\/eldiariodesanpedro.com.ar\/sitio\/wp-json\/wp\/v2\/posts"}],"about":[{"href":"https:\/\/eldiariodesanpedro.com.ar\/sitio\/wp-json\/wp\/v2\/types\/post"}],"author":[{"embeddable":true,"href":"https:\/\/eldiariodesanpedro.com.ar\/sitio\/wp-json\/wp\/v2\/users\/4"}],"replies":[{"embeddable":true,"href":"https:\/\/eldiariodesanpedro.com.ar\/sitio\/wp-json\/wp\/v2\/comments?post=42424"}],"version-history":[{"count":1,"href":"https:\/\/eldiariodesanpedro.com.ar\/sitio\/wp-json\/wp\/v2\/posts\/42424\/revisions"}],"predecessor-version":[{"id":42426,"href":"https:\/\/eldiariodesanpedro.com.ar\/sitio\/wp-json\/wp\/v2\/posts\/42424\/revisions\/42426"}],"wp:featuredmedia":[{"embeddable":true,"href":"https:\/\/eldiariodesanpedro.com.ar\/sitio\/wp-json\/wp\/v2\/media\/42425"}],"wp:attachment":[{"href":"https:\/\/eldiariodesanpedro.com.ar\/sitio\/wp-json\/wp\/v2\/media?parent=42424"}],"wp:term":[{"taxonomy":"category","embeddable":true,"href":"https:\/\/eldiariodesanpedro.com.ar\/sitio\/wp-json\/wp\/v2\/categories?post=42424"},{"taxonomy":"post_tag","embeddable":true,"href":"https:\/\/eldiariodesanpedro.com.ar\/sitio\/wp-json\/wp\/v2\/tags?post=42424"}],"curies":[{"name":"wp","href":"https:\/\/api.w.org\/{rel}","templated":true}]}}