{"id":42421,"date":"2018-10-25T10:51:57","date_gmt":"2018-10-25T13:51:57","guid":{"rendered":"https:\/\/eldiariodesanpedro.com.ar\/sitio\/?p=42421"},"modified":"2018-10-25T10:51:57","modified_gmt":"2018-10-25T13:51:57","slug":"buscan-establecer-quienes-acompanaban-a-la-mujer-que-volco-una-camioneta-robada-en-baradero","status":"publish","type":"post","link":"https:\/\/eldiariodesanpedro.com.ar\/sitio\/buscan-establecer-quienes-acompanaban-a-la-mujer-que-volco-una-camioneta-robada-en-baradero\/","title":{"rendered":"Buscan establecer quienes acompa\u00f1aban a la mujer que volc\u00f3 una camioneta robada en Baradero"},"content":{"rendered":"<p><!-- VideographyWP Plugin Message: Automatic video embedding prevented by plugin options. --><br \/>\nEl hecho aconteci\u00f3 en la noche del martes. La mujer que estaba junto al veh\u00edculo permanece internada. Investiga si viajaba sola o con c\u00f3mplices que huyeron tras el vuelco.<\/p>\n<p>Luego de lo acontecido en la noche del martes los investigadores buscan establecer si la joven que fue hallada tirada al lado de la camioneta siniestrada era quien la conduc\u00eda y a la vez la \u00fanica ocupante. <\/p>\n<p>Todo parecer\u00eda indicar que no ya que al momento de cometer el hecho en la vecina ciudad de Baradero habr\u00eda arribado al lugar a bordo de otro veh\u00edculo y en compa\u00f1\u00eda de otros j\u00f3venes.<\/p>\n<p>Se estima que estos tambi\u00e9n viajaban con la mujer en la camioneta Fiat que impact\u00f3 contra una columna y luego volc\u00f3 en el ingreso a nuestra ciudad pero que ante el violento incidente dejaron a la c\u00f3mplice en el lugar y huyeron sin dejar rastros.<\/p>\n<p>El hecho se inici\u00f3 alrededor de las 22 horas cuando el propietario Rub\u00e9n Dar\u00edo Costilla (40 a\u00f1os) descendi\u00f3 por unos segundos a la casa de un amigo y dej\u00f3 el veh\u00edculo estacionado en marcha sobre la calle San Mart\u00edn 2965 en la localidad de Baradero. En ese mismo momento personas desconocidas aparecieron en escena, se subieron al rodado y huyeron con rumbo desconocido.<\/p>\n<p>Posteriormente se tom\u00f3 conocimiento que en la intersecci\u00f3n de la Ruta 1001 y Chivilcoy en San Pedro una camioneta hab\u00eda impactado contra una columna y posteriormente volc\u00f3 sobre una de las profundas zanjas que se encuentran sobre el lateral.   <\/p>\n<p>Al llegar al lugar los primeros auxilios advirtieron la presencia de una joven mujer tirada sobre el lateral quien se encontraba visiblemente sentida. <\/p>\n<p>Las dudas originadas en el relato de la mujer alertaron a los polic\u00edas y all\u00ed se pudo establecer que la camioneta siniestrada era la misma que hab\u00eda sido sustra\u00edda momentos antes en Baradero.<\/p>\n<p>La fiscal\u00eda de turno dispuso la aprehensi\u00f3n de la mujer quien qued\u00f3 internada en el Hospital de nuestra ciudad y una vez recuperada ser\u00e1 trasladada a la ciudad de Baradero para comparecer ante la Ufi que interviene en el hecho de robo.   <\/p>\n<p>Fuente: San Pedro Informa<\/p>\n","protected":false},"excerpt":{"rendered":"<p>El hecho aconteci\u00f3 en la noche del martes. La mujer que estaba junto al veh\u00edculo permanece internada. Investiga si viajaba sola o con c\u00f3mplices que huyeron tras el vuelco. Luego de lo acontecido en la noche del martes los investigadores buscan establecer si la joven que fue hallada tirada al lado de la camioneta siniestrada [&hellip;]<\/p>\n","protected":false},"author":4,"featured_media":42422,"comment_status":"open","ping_status":"closed","sticky":false,"template":"","format":"standard","meta":{"om_disable_all_campaigns":false,"_jetpack_memberships_contains_paid_content":false,"footnotes":""},"categories":[50,2,103],"tags":[],"class_list":["post-42421","post","type-post","status-publish","format-standard","has-post-thumbnail","hentry","category-destacadas","category-locales","category-policiales-locales"],"aioseo_notices":[],"gutentor_comment":0,"jetpack_featured_media_url":"https:\/\/eldiariodesanpedro.com.ar\/sitio\/wp-content\/uploads\/2018\/10\/000073007.jpg","jetpack_shortlink":"https:\/\/wp.me\/p6RhLt-b2d","jetpack_sharing_enabled":true,"_links":{"self":[{"href":"https:\/\/eldiariodesanpedro.com.ar\/sitio\/wp-json\/wp\/v2\/posts\/42421","targetHints":{"allow":["GET"]}}],"collection":[{"href":"https:\/\/eldiariodesanpedro.com.ar\/sitio\/wp-json\/wp\/v2\/posts"}],"about":[{"href":"https:\/\/eldiariodesanpedro.com.ar\/sitio\/wp-json\/wp\/v2\/types\/post"}],"author":[{"embeddable":true,"href":"https:\/\/eldiariodesanpedro.com.ar\/sitio\/wp-json\/wp\/v2\/users\/4"}],"replies":[{"embeddable":true,"href":"https:\/\/eldiariodesanpedro.com.ar\/sitio\/wp-json\/wp\/v2\/comments?post=42421"}],"version-history":[{"count":1,"href":"https:\/\/eldiariodesanpedro.com.ar\/sitio\/wp-json\/wp\/v2\/posts\/42421\/revisions"}],"predecessor-version":[{"id":42423,"href":"https:\/\/eldiariodesanpedro.com.ar\/sitio\/wp-json\/wp\/v2\/posts\/42421\/revisions\/42423"}],"wp:featuredmedia":[{"embeddable":true,"href":"https:\/\/eldiariodesanpedro.com.ar\/sitio\/wp-json\/wp\/v2\/media\/42422"}],"wp:attachment":[{"href":"https:\/\/eldiariodesanpedro.com.ar\/sitio\/wp-json\/wp\/v2\/media?parent=42421"}],"wp:term":[{"taxonomy":"category","embeddable":true,"href":"https:\/\/eldiariodesanpedro.com.ar\/sitio\/wp-json\/wp\/v2\/categories?post=42421"},{"taxonomy":"post_tag","embeddable":true,"href":"https:\/\/eldiariodesanpedro.com.ar\/sitio\/wp-json\/wp\/v2\/tags?post=42421"}],"curies":[{"name":"wp","href":"https:\/\/api.w.org\/{rel}","templated":true}]}}