{"id":42417,"date":"2018-10-25T10:44:36","date_gmt":"2018-10-25T13:44:36","guid":{"rendered":"https:\/\/eldiariodesanpedro.com.ar\/sitio\/?p=42417"},"modified":"2018-10-25T10:44:36","modified_gmt":"2018-10-25T13:44:36","slug":"taller-sobre-impulso-creativo-en-la-casona-de-turismo","status":"publish","type":"post","link":"https:\/\/eldiariodesanpedro.com.ar\/sitio\/taller-sobre-impulso-creativo-en-la-casona-de-turismo\/","title":{"rendered":"Taller sobre Impulso Creativo en la Casona de Turismo"},"content":{"rendered":"<p><!-- VideographyWP Plugin Message: Automatic video embedding prevented by plugin options. --><br \/>\nSe desarroll\u00f3 este mi\u00e9rcoles un Seminario Taller sobre Impulso Creativo organizado por el Ministerio de Ciencia Tecnolog\u00eda e Innovaci\u00f3n de la Provincia de Buenos Aires y la Fundaci\u00f3n Tecnol\u00f3gica del Plata, con la coordinaci\u00f3n local de la Subsecretar\u00eda de Desarrollo Econ\u00f3mico en el Sal\u00f3n de Reuniones de la Casona de la Direcci\u00f3n de Turismo.<\/p>\n<p>Participaron un grupo de empresarios y emprendedores que recibieron asesoramiento para fortalecer proyectos e iniciativas que se respalden en la creatividad y la innovaci\u00f3n.<\/p>\n<p>Por un lado se compartieron conceptos b\u00e1sicos sobre, creatividad e innovaci\u00f3n, bloqueos a la creatividad y resoluci\u00f3n, ejercicios de pensamiento lateral, procesos creativos y \u00e1rbol de problemas.<\/p>\n<p>Posteriormente tomando como ejemplos algunos proyectos se analizaron programas provinciales y nacionales de financiamiento y modelos de organizaci\u00f3n para proyectos.<\/p>\n<p>Los docentes disertantes fueron el Ingeniero Jos\u00e9 Mar\u00eda Ochoa, el Ingeniero Mauro Mojzis y Damasita Gonz\u00e1lez Riesco.<\/p>\n<p><img decoding=\"async\" data-attachment-id=\"42418\" data-permalink=\"https:\/\/eldiariodesanpedro.com.ar\/sitio\/taller-sobre-impulso-creativo-en-la-casona-de-turismo\/pastedimage-1-28\/\" data-orig-file=\"https:\/\/eldiariodesanpedro.com.ar\/sitio\/wp-content\/uploads\/2018\/10\/pastedImage-1-4.png\" data-orig-size=\"1280,720\" data-comments-opened=\"1\" data-image-meta=\"{&quot;aperture&quot;:&quot;0&quot;,&quot;credit&quot;:&quot;&quot;,&quot;camera&quot;:&quot;&quot;,&quot;caption&quot;:&quot;&quot;,&quot;created_timestamp&quot;:&quot;0&quot;,&quot;copyright&quot;:&quot;&quot;,&quot;focal_length&quot;:&quot;0&quot;,&quot;iso&quot;:&quot;0&quot;,&quot;shutter_speed&quot;:&quot;0&quot;,&quot;title&quot;:&quot;&quot;,&quot;orientation&quot;:&quot;0&quot;}\" data-image-title=\"pastedImage (1)\" data-image-description=\"\" data-image-caption=\"\" data-large-file=\"https:\/\/eldiariodesanpedro.com.ar\/sitio\/wp-content\/uploads\/2018\/10\/pastedImage-1-4-1024x576.png\" data-src=\"https:\/\/eldiariodesanpedro.com.ar\/sitio\/wp-content\/uploads\/2018\/10\/pastedImage-1-4-1024x576.png\" alt=\"\" width=\"660\" height=\"371\" class=\"alignnone size-large wp-image-42418 lazyload\" data-srcset=\"https:\/\/eldiariodesanpedro.com.ar\/sitio\/wp-content\/uploads\/2018\/10\/pastedImage-1-4-1024x576.png 1024w, https:\/\/eldiariodesanpedro.com.ar\/sitio\/wp-content\/uploads\/2018\/10\/pastedImage-1-4-300x169.png 300w, https:\/\/eldiariodesanpedro.com.ar\/sitio\/wp-content\/uploads\/2018\/10\/pastedImage-1-4-768x432.png 768w, https:\/\/eldiariodesanpedro.com.ar\/sitio\/wp-content\/uploads\/2018\/10\/pastedImage-1-4.png 1280w\" data-sizes=\"(max-width: 660px) 100vw, 660px\" src=\"data:image\/svg+xml;base64,PHN2ZyB3aWR0aD0iMSIgaGVpZ2h0PSIxIiB4bWxucz0iaHR0cDovL3d3dy53My5vcmcvMjAwMC9zdmciPjwvc3ZnPg==\" style=\"--smush-placeholder-width: 660px; --smush-placeholder-aspect-ratio: 660\/371;\" \/><\/p>\n","protected":false},"excerpt":{"rendered":"<p>Se desarroll\u00f3 este mi\u00e9rcoles un Seminario Taller sobre Impulso Creativo organizado por el Ministerio de Ciencia Tecnolog\u00eda e Innovaci\u00f3n de la Provincia de Buenos Aires y la Fundaci\u00f3n Tecnol\u00f3gica del Plata, con la coordinaci\u00f3n local de la Subsecretar\u00eda de Desarrollo Econ\u00f3mico en el Sal\u00f3n de Reuniones de la Casona de la Direcci\u00f3n de Turismo. Participaron [&hellip;]<\/p>\n","protected":false},"author":4,"featured_media":42419,"comment_status":"open","ping_status":"closed","sticky":false,"template":"","format":"standard","meta":{"om_disable_all_campaigns":false,"_jetpack_memberships_contains_paid_content":false,"footnotes":""},"categories":[101,2],"tags":[],"class_list":["post-42417","post","type-post","status-publish","format-standard","has-post-thumbnail","hentry","category-interes-general-locales","category-locales"],"aioseo_notices":[],"gutentor_comment":0,"jetpack_featured_media_url":"https:\/\/eldiariodesanpedro.com.ar\/sitio\/wp-content\/uploads\/2018\/10\/pastedImage-7.png","jetpack_shortlink":"https:\/\/wp.me\/p6RhLt-b29","jetpack_sharing_enabled":true,"_links":{"self":[{"href":"https:\/\/eldiariodesanpedro.com.ar\/sitio\/wp-json\/wp\/v2\/posts\/42417","targetHints":{"allow":["GET"]}}],"collection":[{"href":"https:\/\/eldiariodesanpedro.com.ar\/sitio\/wp-json\/wp\/v2\/posts"}],"about":[{"href":"https:\/\/eldiariodesanpedro.com.ar\/sitio\/wp-json\/wp\/v2\/types\/post"}],"author":[{"embeddable":true,"href":"https:\/\/eldiariodesanpedro.com.ar\/sitio\/wp-json\/wp\/v2\/users\/4"}],"replies":[{"embeddable":true,"href":"https:\/\/eldiariodesanpedro.com.ar\/sitio\/wp-json\/wp\/v2\/comments?post=42417"}],"version-history":[{"count":1,"href":"https:\/\/eldiariodesanpedro.com.ar\/sitio\/wp-json\/wp\/v2\/posts\/42417\/revisions"}],"predecessor-version":[{"id":42420,"href":"https:\/\/eldiariodesanpedro.com.ar\/sitio\/wp-json\/wp\/v2\/posts\/42417\/revisions\/42420"}],"wp:featuredmedia":[{"embeddable":true,"href":"https:\/\/eldiariodesanpedro.com.ar\/sitio\/wp-json\/wp\/v2\/media\/42419"}],"wp:attachment":[{"href":"https:\/\/eldiariodesanpedro.com.ar\/sitio\/wp-json\/wp\/v2\/media?parent=42417"}],"wp:term":[{"taxonomy":"category","embeddable":true,"href":"https:\/\/eldiariodesanpedro.com.ar\/sitio\/wp-json\/wp\/v2\/categories?post=42417"},{"taxonomy":"post_tag","embeddable":true,"href":"https:\/\/eldiariodesanpedro.com.ar\/sitio\/wp-json\/wp\/v2\/tags?post=42417"}],"curies":[{"name":"wp","href":"https:\/\/api.w.org\/{rel}","templated":true}]}}