{"id":42414,"date":"2018-10-25T10:34:51","date_gmt":"2018-10-25T13:34:51","guid":{"rendered":"https:\/\/eldiariodesanpedro.com.ar\/sitio\/?p=42414"},"modified":"2018-10-25T10:34:51","modified_gmt":"2018-10-25T13:34:51","slug":"un-joven-denuncio-amenazas-constantes-a-traves-de-su-telefono","status":"publish","type":"post","link":"https:\/\/eldiariodesanpedro.com.ar\/sitio\/un-joven-denuncio-amenazas-constantes-a-traves-de-su-telefono\/","title":{"rendered":"Un joven denuncio amenazas constantes a trav\u00e9s de su tel\u00e9fono"},"content":{"rendered":"<p><!-- VideographyWP Plugin Message: Automatic video embedding prevented by plugin options. --><br \/>\nEste mi\u00e9rcoles en horas del mediod\u00eda se acerc\u00f3 una femenina a la comisar\u00eda local para realizar una denuncia por acoso telef\u00f3nico.<\/p>\n<p>En la misma la victima declara que desde el pasado d\u00eda 13 de octubre recibe mensajes amenazantes en su tel\u00e9fono m\u00f3vil particular y distintas molestias por persona desconocida. Investiga el hecho la fiscal\u00eda en turno de San Pedro<\/p>\n","protected":false},"excerpt":{"rendered":"<p>Este mi\u00e9rcoles en horas del mediod\u00eda se acerc\u00f3 una femenina a la comisar\u00eda local para realizar una denuncia por acoso telef\u00f3nico. En la misma la victima declara que desde el pasado d\u00eda 13 de octubre recibe mensajes amenazantes en su tel\u00e9fono m\u00f3vil particular y distintas molestias por persona desconocida. Investiga el hecho la fiscal\u00eda en [&hellip;]<\/p>\n","protected":false},"author":4,"featured_media":42415,"comment_status":"open","ping_status":"closed","sticky":false,"template":"","format":"standard","meta":{"om_disable_all_campaigns":false,"_jetpack_memberships_contains_paid_content":false,"footnotes":""},"categories":[2,103],"tags":[],"class_list":["post-42414","post","type-post","status-publish","format-standard","has-post-thumbnail","hentry","category-locales","category-policiales-locales"],"aioseo_notices":[],"gutentor_comment":0,"jetpack_featured_media_url":"https:\/\/eldiariodesanpedro.com.ar\/sitio\/wp-content\/uploads\/2018\/10\/celular.jpg","jetpack_shortlink":"https:\/\/wp.me\/p6RhLt-b26","jetpack_sharing_enabled":true,"_links":{"self":[{"href":"https:\/\/eldiariodesanpedro.com.ar\/sitio\/wp-json\/wp\/v2\/posts\/42414","targetHints":{"allow":["GET"]}}],"collection":[{"href":"https:\/\/eldiariodesanpedro.com.ar\/sitio\/wp-json\/wp\/v2\/posts"}],"about":[{"href":"https:\/\/eldiariodesanpedro.com.ar\/sitio\/wp-json\/wp\/v2\/types\/post"}],"author":[{"embeddable":true,"href":"https:\/\/eldiariodesanpedro.com.ar\/sitio\/wp-json\/wp\/v2\/users\/4"}],"replies":[{"embeddable":true,"href":"https:\/\/eldiariodesanpedro.com.ar\/sitio\/wp-json\/wp\/v2\/comments?post=42414"}],"version-history":[{"count":1,"href":"https:\/\/eldiariodesanpedro.com.ar\/sitio\/wp-json\/wp\/v2\/posts\/42414\/revisions"}],"predecessor-version":[{"id":42416,"href":"https:\/\/eldiariodesanpedro.com.ar\/sitio\/wp-json\/wp\/v2\/posts\/42414\/revisions\/42416"}],"wp:featuredmedia":[{"embeddable":true,"href":"https:\/\/eldiariodesanpedro.com.ar\/sitio\/wp-json\/wp\/v2\/media\/42415"}],"wp:attachment":[{"href":"https:\/\/eldiariodesanpedro.com.ar\/sitio\/wp-json\/wp\/v2\/media?parent=42414"}],"wp:term":[{"taxonomy":"category","embeddable":true,"href":"https:\/\/eldiariodesanpedro.com.ar\/sitio\/wp-json\/wp\/v2\/categories?post=42414"},{"taxonomy":"post_tag","embeddable":true,"href":"https:\/\/eldiariodesanpedro.com.ar\/sitio\/wp-json\/wp\/v2\/tags?post=42414"}],"curies":[{"name":"wp","href":"https:\/\/api.w.org\/{rel}","templated":true}]}}