{"id":42411,"date":"2018-10-25T10:25:42","date_gmt":"2018-10-25T13:25:42","guid":{"rendered":"https:\/\/eldiariodesanpedro.com.ar\/sitio\/?p=42411"},"modified":"2018-10-25T10:25:42","modified_gmt":"2018-10-25T13:25:42","slug":"un-comerciante-de-santa-lucia-estafado","status":"publish","type":"post","link":"https:\/\/eldiariodesanpedro.com.ar\/sitio\/un-comerciante-de-santa-lucia-estafado\/","title":{"rendered":"Un comerciante de Santa Lucia estafado"},"content":{"rendered":"<p><!-- VideographyWP Plugin Message: Automatic video embedding prevented by plugin options. --><br \/>\nSe recibi\u00f3 una denuncia en el destacamento de Santa Lucia por parte de un ciudadano quien denuncia que el pasado d\u00eda 26 del mes de septiembre fue v\u00edctima de una estafa por parte de un sujeto masculino desconocido quien realiz\u00f3 una compra en su local comercial abonando con tarjeta de cr\u00e9dito, pero nunca se acredit\u00f3 en su cuenta el dinero.<\/p>\n<p>Tras la compra se pudo constatar a trav\u00e9s de la entidad financiera que el sujeto habr\u00eda utilizado un tarjeta no propia que estar\u00eda dada de baja,  Investiga el hecho la fiscal\u00eda de turno.<\/p>\n","protected":false},"excerpt":{"rendered":"<p>Se recibi\u00f3 una denuncia en el destacamento de Santa Lucia por parte de un ciudadano quien denuncia que el pasado d\u00eda 26 del mes de septiembre fue v\u00edctima de una estafa por parte de un sujeto masculino desconocido quien realiz\u00f3 una compra en su local comercial abonando con tarjeta de cr\u00e9dito, pero nunca se acredit\u00f3 [&hellip;]<\/p>\n","protected":false},"author":4,"featured_media":42412,"comment_status":"open","ping_status":"closed","sticky":false,"template":"","format":"standard","meta":{"om_disable_all_campaigns":false,"_jetpack_memberships_contains_paid_content":false,"footnotes":""},"categories":[2,103],"tags":[],"class_list":["post-42411","post","type-post","status-publish","format-standard","has-post-thumbnail","hentry","category-locales","category-policiales-locales"],"aioseo_notices":[],"gutentor_comment":0,"jetpack_featured_media_url":"https:\/\/eldiariodesanpedro.com.ar\/sitio\/wp-content\/uploads\/2018\/10\/posnet-2.jpg","jetpack_shortlink":"https:\/\/wp.me\/p6RhLt-b23","jetpack_sharing_enabled":true,"_links":{"self":[{"href":"https:\/\/eldiariodesanpedro.com.ar\/sitio\/wp-json\/wp\/v2\/posts\/42411","targetHints":{"allow":["GET"]}}],"collection":[{"href":"https:\/\/eldiariodesanpedro.com.ar\/sitio\/wp-json\/wp\/v2\/posts"}],"about":[{"href":"https:\/\/eldiariodesanpedro.com.ar\/sitio\/wp-json\/wp\/v2\/types\/post"}],"author":[{"embeddable":true,"href":"https:\/\/eldiariodesanpedro.com.ar\/sitio\/wp-json\/wp\/v2\/users\/4"}],"replies":[{"embeddable":true,"href":"https:\/\/eldiariodesanpedro.com.ar\/sitio\/wp-json\/wp\/v2\/comments?post=42411"}],"version-history":[{"count":1,"href":"https:\/\/eldiariodesanpedro.com.ar\/sitio\/wp-json\/wp\/v2\/posts\/42411\/revisions"}],"predecessor-version":[{"id":42413,"href":"https:\/\/eldiariodesanpedro.com.ar\/sitio\/wp-json\/wp\/v2\/posts\/42411\/revisions\/42413"}],"wp:featuredmedia":[{"embeddable":true,"href":"https:\/\/eldiariodesanpedro.com.ar\/sitio\/wp-json\/wp\/v2\/media\/42412"}],"wp:attachment":[{"href":"https:\/\/eldiariodesanpedro.com.ar\/sitio\/wp-json\/wp\/v2\/media?parent=42411"}],"wp:term":[{"taxonomy":"category","embeddable":true,"href":"https:\/\/eldiariodesanpedro.com.ar\/sitio\/wp-json\/wp\/v2\/categories?post=42411"},{"taxonomy":"post_tag","embeddable":true,"href":"https:\/\/eldiariodesanpedro.com.ar\/sitio\/wp-json\/wp\/v2\/tags?post=42411"}],"curies":[{"name":"wp","href":"https:\/\/api.w.org\/{rel}","templated":true}]}}