{"id":42409,"date":"2018-10-25T10:12:18","date_gmt":"2018-10-25T13:12:18","guid":{"rendered":"https:\/\/eldiariodesanpedro.com.ar\/sitio\/?p=42409"},"modified":"2018-10-25T10:12:18","modified_gmt":"2018-10-25T13:12:18","slug":"dos-aprehendidos-por-pedido-de-la-fiscalia","status":"publish","type":"post","link":"https:\/\/eldiariodesanpedro.com.ar\/sitio\/dos-aprehendidos-por-pedido-de-la-fiscalia\/","title":{"rendered":"Dos aprehendidos por pedido de la fiscal\u00eda"},"content":{"rendered":"<p><!-- VideographyWP Plugin Message: Automatic video embedding prevented by plugin options. --><br \/>\nEste mi\u00e9rcoles la polic\u00eda de nuestra ciudad realizo dos aprehensiones por diferentes hechos.<\/p>\n<p>En la tarde alrededor de las 17 horas se procede en calle Mitre y G\u00fcemes de ciudad a la aprehensi\u00f3n de joven de 17 a\u00f1os, quien registra paradero activo insertado en la red de inform\u00e1tica por el delito Lesiones culposas, a requerimiento de la UFI DEL JOVEN N\u00b0 1 Dptal, fecha alta 22 de octubre Comunicaci\u00f3n Dr. Galante dispone comparendo primera hora d\u00eda h\u00e1bil de semana a sede Judicial, dem\u00e1s recaudos.<\/p>\n<p>Alrededor de las 18 Horas el Personal polic\u00eda procede en Av. 3 de Febrero y Litoral de ciudad a la aprehensi\u00f3n de masculino de 35 a\u00f1os, quien registra paradero activo por el delito de usurpaci\u00f3n de inmueble, a requerimiento de la UFI N\u00b0 5 San Pedro, fecha alta el pasado 28 de marzo de 2018 , Fiscal\u00eda dispone comparendo primera hora d\u00eda h\u00e1bil de semana a sede Judicial, Fichas Dactilares, dem\u00e1s recaudos.<\/p>\n","protected":false},"excerpt":{"rendered":"<p>Este mi\u00e9rcoles la polic\u00eda de nuestra ciudad realizo dos aprehensiones por diferentes hechos. En la tarde alrededor de las 17 horas se procede en calle Mitre y G\u00fcemes de ciudad a la aprehensi\u00f3n de joven de 17 a\u00f1os, quien registra paradero activo insertado en la red de inform\u00e1tica por el delito Lesiones culposas, a requerimiento [&hellip;]<\/p>\n","protected":false},"author":4,"featured_media":28826,"comment_status":"open","ping_status":"closed","sticky":false,"template":"","format":"standard","meta":{"om_disable_all_campaigns":false,"_jetpack_memberships_contains_paid_content":false,"footnotes":""},"categories":[2,103],"tags":[],"class_list":["post-42409","post","type-post","status-publish","format-standard","has-post-thumbnail","hentry","category-locales","category-policiales-locales"],"aioseo_notices":[],"gutentor_comment":0,"jetpack_featured_media_url":"https:\/\/eldiariodesanpedro.com.ar\/sitio\/wp-content\/uploads\/2018\/02\/detenido-4.jpg","jetpack_shortlink":"https:\/\/wp.me\/p6RhLt-b21","jetpack_sharing_enabled":true,"_links":{"self":[{"href":"https:\/\/eldiariodesanpedro.com.ar\/sitio\/wp-json\/wp\/v2\/posts\/42409","targetHints":{"allow":["GET"]}}],"collection":[{"href":"https:\/\/eldiariodesanpedro.com.ar\/sitio\/wp-json\/wp\/v2\/posts"}],"about":[{"href":"https:\/\/eldiariodesanpedro.com.ar\/sitio\/wp-json\/wp\/v2\/types\/post"}],"author":[{"embeddable":true,"href":"https:\/\/eldiariodesanpedro.com.ar\/sitio\/wp-json\/wp\/v2\/users\/4"}],"replies":[{"embeddable":true,"href":"https:\/\/eldiariodesanpedro.com.ar\/sitio\/wp-json\/wp\/v2\/comments?post=42409"}],"version-history":[{"count":1,"href":"https:\/\/eldiariodesanpedro.com.ar\/sitio\/wp-json\/wp\/v2\/posts\/42409\/revisions"}],"predecessor-version":[{"id":42410,"href":"https:\/\/eldiariodesanpedro.com.ar\/sitio\/wp-json\/wp\/v2\/posts\/42409\/revisions\/42410"}],"wp:featuredmedia":[{"embeddable":true,"href":"https:\/\/eldiariodesanpedro.com.ar\/sitio\/wp-json\/wp\/v2\/media\/28826"}],"wp:attachment":[{"href":"https:\/\/eldiariodesanpedro.com.ar\/sitio\/wp-json\/wp\/v2\/media?parent=42409"}],"wp:term":[{"taxonomy":"category","embeddable":true,"href":"https:\/\/eldiariodesanpedro.com.ar\/sitio\/wp-json\/wp\/v2\/categories?post=42409"},{"taxonomy":"post_tag","embeddable":true,"href":"https:\/\/eldiariodesanpedro.com.ar\/sitio\/wp-json\/wp\/v2\/tags?post=42409"}],"curies":[{"name":"wp","href":"https:\/\/api.w.org\/{rel}","templated":true}]}}