{"id":42407,"date":"2018-10-25T09:50:31","date_gmt":"2018-10-25T12:50:31","guid":{"rendered":"https:\/\/eldiariodesanpedro.com.ar\/sitio\/?p=42407"},"modified":"2018-10-25T09:50:31","modified_gmt":"2018-10-25T12:50:31","slug":"robaron-una-bicicleta-y-fue-recuperada-en-un-allanamiento-de-urgencia","status":"publish","type":"post","link":"https:\/\/eldiariodesanpedro.com.ar\/sitio\/robaron-una-bicicleta-y-fue-recuperada-en-un-allanamiento-de-urgencia\/","title":{"rendered":"Robaron una bicicleta y fue recuperada en un allanamiento de urgencia"},"content":{"rendered":"<p><!-- VideographyWP Plugin Message: Automatic video embedding prevented by plugin options. --><br \/>\nEste mi\u00e9rcoles, delincuentes ignorados le sustrajeron a un joven su bicicleta. Horas mas tarde fue recuperada en un allanamiento de urgencia por personal del Gabinete Criminol\u00f3gico.<\/p>\n<p>La denuncia se radic\u00f3 en la Dependencia Local por un joven de 18 a\u00f1os de edad, a quien le sustrajeron su bicicleta de las puertas de su domicilio, sito en calle Bvard. Moreno.<\/p>\n<p>Personal del Gabinete criminol\u00f3gico, diligencio orden allanamiento de urgencia, en una vivienda de  Bajada del Chavez, donde se logro el secuestro de la bicicleta.<\/p>\n<p>En su interior se imputo al morador, un sujeto de 28, por el delito de hurto.<\/p>\n<p>El rodado fue restituido al denunciante. Investiga el hecho la fiscal\u00eda en turno de San Pedro.<\/p>\n","protected":false},"excerpt":{"rendered":"<p>Este mi\u00e9rcoles, delincuentes ignorados le sustrajeron a un joven su bicicleta. Horas mas tarde fue recuperada en un allanamiento de urgencia por personal del Gabinete Criminol\u00f3gico. La denuncia se radic\u00f3 en la Dependencia Local por un joven de 18 a\u00f1os de edad, a quien le sustrajeron su bicicleta de las puertas de su domicilio, sito [&hellip;]<\/p>\n","protected":false},"author":4,"featured_media":39230,"comment_status":"open","ping_status":"closed","sticky":false,"template":"","format":"standard","meta":{"om_disable_all_campaigns":false,"_jetpack_memberships_contains_paid_content":false,"footnotes":""},"categories":[2,103],"tags":[],"class_list":["post-42407","post","type-post","status-publish","format-standard","has-post-thumbnail","hentry","category-locales","category-policiales-locales"],"aioseo_notices":[],"gutentor_comment":0,"jetpack_featured_media_url":"https:\/\/eldiariodesanpedro.com.ar\/sitio\/wp-content\/uploads\/2018\/08\/patrullero-policia_3.jpg","jetpack_shortlink":"https:\/\/wp.me\/p6RhLt-b1Z","jetpack_sharing_enabled":true,"_links":{"self":[{"href":"https:\/\/eldiariodesanpedro.com.ar\/sitio\/wp-json\/wp\/v2\/posts\/42407","targetHints":{"allow":["GET"]}}],"collection":[{"href":"https:\/\/eldiariodesanpedro.com.ar\/sitio\/wp-json\/wp\/v2\/posts"}],"about":[{"href":"https:\/\/eldiariodesanpedro.com.ar\/sitio\/wp-json\/wp\/v2\/types\/post"}],"author":[{"embeddable":true,"href":"https:\/\/eldiariodesanpedro.com.ar\/sitio\/wp-json\/wp\/v2\/users\/4"}],"replies":[{"embeddable":true,"href":"https:\/\/eldiariodesanpedro.com.ar\/sitio\/wp-json\/wp\/v2\/comments?post=42407"}],"version-history":[{"count":1,"href":"https:\/\/eldiariodesanpedro.com.ar\/sitio\/wp-json\/wp\/v2\/posts\/42407\/revisions"}],"predecessor-version":[{"id":42408,"href":"https:\/\/eldiariodesanpedro.com.ar\/sitio\/wp-json\/wp\/v2\/posts\/42407\/revisions\/42408"}],"wp:featuredmedia":[{"embeddable":true,"href":"https:\/\/eldiariodesanpedro.com.ar\/sitio\/wp-json\/wp\/v2\/media\/39230"}],"wp:attachment":[{"href":"https:\/\/eldiariodesanpedro.com.ar\/sitio\/wp-json\/wp\/v2\/media?parent=42407"}],"wp:term":[{"taxonomy":"category","embeddable":true,"href":"https:\/\/eldiariodesanpedro.com.ar\/sitio\/wp-json\/wp\/v2\/categories?post=42407"},{"taxonomy":"post_tag","embeddable":true,"href":"https:\/\/eldiariodesanpedro.com.ar\/sitio\/wp-json\/wp\/v2\/tags?post=42407"}],"curies":[{"name":"wp","href":"https:\/\/api.w.org\/{rel}","templated":true}]}}