{"id":42400,"date":"2018-10-24T20:58:53","date_gmt":"2018-10-24T23:58:53","guid":{"rendered":"https:\/\/eldiariodesanpedro.com.ar\/sitio\/?p=42400"},"modified":"2018-10-24T20:58:53","modified_gmt":"2018-10-24T23:58:53","slug":"visita-de-las-nuevas-autoridades-regionales-del-senasa","status":"publish","type":"post","link":"https:\/\/eldiariodesanpedro.com.ar\/sitio\/visita-de-las-nuevas-autoridades-regionales-del-senasa\/","title":{"rendered":"Visita de las nuevas autoridades regionales del SENASA"},"content":{"rendered":"<p><!-- VideographyWP Plugin Message: Automatic video embedding prevented by plugin options. --><br \/>\n  El Intendente Municipal de San Pedro Cecilio Salazar y el Subsecretario de Desarrollo Econ\u00f3mico Alfredo Camilletti recibieron a las nuevas autoridades regionales del SENASA. Junto al representante de la oficina de San Pedro, Ingeniero Agr\u00f3nomo Gustavo Rolfo, visitaron a las autoridades locales, el Director de Operaciones Regionales, Licenciado Juan Manchera, el Director del Centro Regional Buenos Aires &#8211; La Pampa M\u00e9dico Veterinario Carlos \u00abCaico\u00bb Montoya y el Coordinador Tem\u00e1tico de Protecci\u00f3n del Centro Regional Buenos Aires &#8211; La Pampa Ingeniero Agr\u00f3nomo Emiliano Cacace.<br \/>\n  El Servicio Nacional de Sanidad y Calidad Agroalimentaria que tiene funciones en la regi\u00f3n desde la oficina de San Pedro est\u00e1 encargado de ejecutar pol\u00edticas nacionales en materia de sanidad y calidad animal y vegetal e inocuidad de los alimentos.<br \/>\n  En el encuentro se analiz\u00f3 el desempe\u00f1o del organismo en la zona y las actividades que se llevan adelante en estos d\u00edas con la implementaci\u00f3n de diferentes programas relacionados con la producci\u00f3n frut\u00edcola y de viveros.<\/p>\n","protected":false},"excerpt":{"rendered":"<p>El Intendente Municipal de San Pedro Cecilio Salazar y el Subsecretario de Desarrollo Econ\u00f3mico Alfredo Camilletti recibieron a las nuevas autoridades regionales del SENASA. Junto al representante de la oficina de San Pedro, Ingeniero Agr\u00f3nomo Gustavo Rolfo, visitaron a las autoridades locales, el Director de Operaciones Regionales, Licenciado Juan Manchera, el Director del Centro Regional [&hellip;]<\/p>\n","protected":false},"author":4,"featured_media":42402,"comment_status":"open","ping_status":"closed","sticky":false,"template":"","format":"standard","meta":{"om_disable_all_campaigns":false,"_jetpack_memberships_contains_paid_content":false,"footnotes":""},"categories":[2,102],"tags":[],"class_list":["post-42400","post","type-post","status-publish","format-standard","has-post-thumbnail","hentry","category-locales","category-politica-locales"],"aioseo_notices":[],"gutentor_comment":0,"jetpack_featured_media_url":"https:\/\/eldiariodesanpedro.com.ar\/sitio\/wp-content\/uploads\/2018\/10\/PAGINA-5-1.jpg","jetpack_shortlink":"https:\/\/wp.me\/p6RhLt-b1S","jetpack_sharing_enabled":true,"_links":{"self":[{"href":"https:\/\/eldiariodesanpedro.com.ar\/sitio\/wp-json\/wp\/v2\/posts\/42400","targetHints":{"allow":["GET"]}}],"collection":[{"href":"https:\/\/eldiariodesanpedro.com.ar\/sitio\/wp-json\/wp\/v2\/posts"}],"about":[{"href":"https:\/\/eldiariodesanpedro.com.ar\/sitio\/wp-json\/wp\/v2\/types\/post"}],"author":[{"embeddable":true,"href":"https:\/\/eldiariodesanpedro.com.ar\/sitio\/wp-json\/wp\/v2\/users\/4"}],"replies":[{"embeddable":true,"href":"https:\/\/eldiariodesanpedro.com.ar\/sitio\/wp-json\/wp\/v2\/comments?post=42400"}],"version-history":[{"count":1,"href":"https:\/\/eldiariodesanpedro.com.ar\/sitio\/wp-json\/wp\/v2\/posts\/42400\/revisions"}],"predecessor-version":[{"id":42403,"href":"https:\/\/eldiariodesanpedro.com.ar\/sitio\/wp-json\/wp\/v2\/posts\/42400\/revisions\/42403"}],"wp:featuredmedia":[{"embeddable":true,"href":"https:\/\/eldiariodesanpedro.com.ar\/sitio\/wp-json\/wp\/v2\/media\/42402"}],"wp:attachment":[{"href":"https:\/\/eldiariodesanpedro.com.ar\/sitio\/wp-json\/wp\/v2\/media?parent=42400"}],"wp:term":[{"taxonomy":"category","embeddable":true,"href":"https:\/\/eldiariodesanpedro.com.ar\/sitio\/wp-json\/wp\/v2\/categories?post=42400"},{"taxonomy":"post_tag","embeddable":true,"href":"https:\/\/eldiariodesanpedro.com.ar\/sitio\/wp-json\/wp\/v2\/tags?post=42400"}],"curies":[{"name":"wp","href":"https:\/\/api.w.org\/{rel}","templated":true}]}}