{"id":42391,"date":"2018-10-24T20:51:07","date_gmt":"2018-10-24T23:51:07","guid":{"rendered":"https:\/\/eldiariodesanpedro.com.ar\/sitio\/?p=42391"},"modified":"2026-01-24T00:09:12","modified_gmt":"2026-01-24T03:09:12","slug":"natacion-el-domingo-sportivo-america-organiza-prueba-de-aguas-abiertas","status":"publish","type":"post","link":"https:\/\/eldiariodesanpedro.com.ar\/sitio\/natacion-el-domingo-sportivo-america-organiza-prueba-de-aguas-abiertas\/","title":{"rendered":"NATACI\u00d3N: El domingo Sportivo Am\u00e9rica organiza prueba de aguas abiertas"},"content":{"rendered":"<p><!-- VideographyWP Plugin Message: Automatic video embedding prevented by plugin options. --><br \/>\nEl Club Sportivo Am\u00e9rica ser\u00e1 quien abre la temporada de carreras competitivas de aguas abiertas con una prueba de 7km y de 3km el domingo pr\u00f3ximo.<\/p>\n<p>  La competencia de Sportivo Am\u00e9rica abre la temporada el domingo 28 de octubre con una de 7km y 3 km, la cual es la cuarta temporada que se realiza. Cabe destacar que una gran cantidad de nadadores de todo el pa\u00eds se dar\u00e1n cita en San Pedro, quienes ya confirmaron su presencia con la inscripci\u00f3n. Esta competencia se suma a las ya anunciadas del Club Pescadores con el \u201cD\u00eda de la Soberan\u00eda\u201d el 18 de noviembre y las que realiza el Club N\u00e1utico.<\/p>\n<p>  En la zona las competencias previstas son: 28\/10 Sp. Am\u00e9rica; 4\/11 en Villa Constituci\u00f3n; 18\/11 Pescadores San Pedro; 25\/11 San Nicol\u00e1s; 2\/12 N\u00e1utico San Pedro; 9\/12 en Escobar y Col\u00f3n, entre otras.<br \/>\n  Tambi\u00e9n el club de la \u201cribera\u201d est\u00e1 organizando la segunda edici\u00f3n del \u201cTriatl\u00f3n Ciudad de San Pedro\u201d para el 25 de noviembre.<\/p>\n","protected":false},"excerpt":{"rendered":"<p>El Club Sportivo Am\u00e9rica ser\u00e1 quien abre la temporada de carreras competitivas de aguas abiertas con una prueba de 7km y de 3km el domingo pr\u00f3ximo. La competencia de Sportivo Am\u00e9rica abre la temporada el domingo 28 de octubre con una de 7km y 3 km, la cual es la cuarta temporada que se realiza. [&hellip;]<\/p>\n","protected":false},"author":4,"featured_media":10828,"comment_status":"open","ping_status":"closed","sticky":false,"template":"","format":"standard","meta":{"om_disable_all_campaigns":false,"_jetpack_memberships_contains_paid_content":false,"footnotes":""},"categories":[5],"tags":[],"class_list":["post-42391","post","type-post","status-publish","format-standard","has-post-thumbnail","hentry","category-deportes"],"aioseo_notices":[],"gutentor_comment":0,"jetpack_featured_media_url":"https:\/\/eldiariodesanpedro.com.ar\/sitio\/wp-content\/uploads\/2016\/11\/aguas-abiertas-2.jpg","jetpack_shortlink":"https:\/\/wp.me\/p6RhLt-b1J","jetpack_sharing_enabled":true,"_links":{"self":[{"href":"https:\/\/eldiariodesanpedro.com.ar\/sitio\/wp-json\/wp\/v2\/posts\/42391","targetHints":{"allow":["GET"]}}],"collection":[{"href":"https:\/\/eldiariodesanpedro.com.ar\/sitio\/wp-json\/wp\/v2\/posts"}],"about":[{"href":"https:\/\/eldiariodesanpedro.com.ar\/sitio\/wp-json\/wp\/v2\/types\/post"}],"author":[{"embeddable":true,"href":"https:\/\/eldiariodesanpedro.com.ar\/sitio\/wp-json\/wp\/v2\/users\/4"}],"replies":[{"embeddable":true,"href":"https:\/\/eldiariodesanpedro.com.ar\/sitio\/wp-json\/wp\/v2\/comments?post=42391"}],"version-history":[{"count":1,"href":"https:\/\/eldiariodesanpedro.com.ar\/sitio\/wp-json\/wp\/v2\/posts\/42391\/revisions"}],"predecessor-version":[{"id":42396,"href":"https:\/\/eldiariodesanpedro.com.ar\/sitio\/wp-json\/wp\/v2\/posts\/42391\/revisions\/42396"}],"wp:featuredmedia":[{"embeddable":true,"href":"https:\/\/eldiariodesanpedro.com.ar\/sitio\/wp-json\/wp\/v2\/media\/10828"}],"wp:attachment":[{"href":"https:\/\/eldiariodesanpedro.com.ar\/sitio\/wp-json\/wp\/v2\/media?parent=42391"}],"wp:term":[{"taxonomy":"category","embeddable":true,"href":"https:\/\/eldiariodesanpedro.com.ar\/sitio\/wp-json\/wp\/v2\/categories?post=42391"},{"taxonomy":"post_tag","embeddable":true,"href":"https:\/\/eldiariodesanpedro.com.ar\/sitio\/wp-json\/wp\/v2\/tags?post=42391"}],"curies":[{"name":"wp","href":"https:\/\/api.w.org\/{rel}","templated":true}]}}