{"id":42388,"date":"2018-10-24T20:47:02","date_gmt":"2018-10-24T23:47:02","guid":{"rendered":"https:\/\/eldiariodesanpedro.com.ar\/sitio\/?p=42388"},"modified":"2026-01-24T00:09:12","modified_gmt":"2026-01-24T03:09:12","slug":"voley-tras-maratonica-jornada-nautico-logro-meter-todos-sus-equipos-en-semis","status":"publish","type":"post","link":"https:\/\/eldiariodesanpedro.com.ar\/sitio\/voley-tras-maratonica-jornada-nautico-logro-meter-todos-sus-equipos-en-semis\/","title":{"rendered":"V\u00d3LEY: Tras marat\u00f3nica jornada, N\u00e1utico logr\u00f3 meter todos sus equipos en semis"},"content":{"rendered":"<p><!-- VideographyWP Plugin Message: Automatic video embedding prevented by plugin options. --><br \/>\n  Los equipos del V\u00f3ley Club N\u00e1utico San Pedro jugaron durante la jornada del s\u00e1bado una marat\u00f3n de partidos en el gimnasio para cerrar la fase regular con partidos correspondientes a dos fechas.<br \/>\n  En primera N\u00e1utico qued\u00f3 primero, en Sub 19 segundo; Sub 17 segundos; Sub 15 primero y en sub 13 segundos. Todos los equipos pasaron a semifinales y comenzar\u00e1n a jugar desde noviembre por el certamen de la ANV.<\/p>\n","protected":false},"excerpt":{"rendered":"<p>Los equipos del V\u00f3ley Club N\u00e1utico San Pedro jugaron durante la jornada del s\u00e1bado una marat\u00f3n de partidos en el gimnasio para cerrar la fase regular con partidos correspondientes a dos fechas. En primera N\u00e1utico qued\u00f3 primero, en Sub 19 segundo; Sub 17 segundos; Sub 15 primero y en sub 13 segundos. Todos los equipos [&hellip;]<\/p>\n","protected":false},"author":4,"featured_media":22457,"comment_status":"open","ping_status":"closed","sticky":false,"template":"","format":"standard","meta":{"om_disable_all_campaigns":false,"_jetpack_memberships_contains_paid_content":false,"footnotes":""},"categories":[5],"tags":[],"class_list":["post-42388","post","type-post","status-publish","format-standard","has-post-thumbnail","hentry","category-deportes"],"aioseo_notices":[],"gutentor_comment":0,"jetpack_featured_media_url":"https:\/\/eldiariodesanpedro.com.ar\/sitio\/wp-content\/uploads\/2017\/08\/voley.jpg","jetpack_shortlink":"https:\/\/wp.me\/p6RhLt-b1G","jetpack_sharing_enabled":true,"_links":{"self":[{"href":"https:\/\/eldiariodesanpedro.com.ar\/sitio\/wp-json\/wp\/v2\/posts\/42388","targetHints":{"allow":["GET"]}}],"collection":[{"href":"https:\/\/eldiariodesanpedro.com.ar\/sitio\/wp-json\/wp\/v2\/posts"}],"about":[{"href":"https:\/\/eldiariodesanpedro.com.ar\/sitio\/wp-json\/wp\/v2\/types\/post"}],"author":[{"embeddable":true,"href":"https:\/\/eldiariodesanpedro.com.ar\/sitio\/wp-json\/wp\/v2\/users\/4"}],"replies":[{"embeddable":true,"href":"https:\/\/eldiariodesanpedro.com.ar\/sitio\/wp-json\/wp\/v2\/comments?post=42388"}],"version-history":[{"count":2,"href":"https:\/\/eldiariodesanpedro.com.ar\/sitio\/wp-json\/wp\/v2\/posts\/42388\/revisions"}],"predecessor-version":[{"id":42394,"href":"https:\/\/eldiariodesanpedro.com.ar\/sitio\/wp-json\/wp\/v2\/posts\/42388\/revisions\/42394"}],"wp:featuredmedia":[{"embeddable":true,"href":"https:\/\/eldiariodesanpedro.com.ar\/sitio\/wp-json\/wp\/v2\/media\/22457"}],"wp:attachment":[{"href":"https:\/\/eldiariodesanpedro.com.ar\/sitio\/wp-json\/wp\/v2\/media?parent=42388"}],"wp:term":[{"taxonomy":"category","embeddable":true,"href":"https:\/\/eldiariodesanpedro.com.ar\/sitio\/wp-json\/wp\/v2\/categories?post=42388"},{"taxonomy":"post_tag","embeddable":true,"href":"https:\/\/eldiariodesanpedro.com.ar\/sitio\/wp-json\/wp\/v2\/tags?post=42388"}],"curies":[{"name":"wp","href":"https:\/\/api.w.org\/{rel}","templated":true}]}}