{"id":42387,"date":"2018-10-24T20:46:38","date_gmt":"2018-10-24T23:46:38","guid":{"rendered":"https:\/\/eldiariodesanpedro.com.ar\/sitio\/?p=42387"},"modified":"2026-01-24T00:09:12","modified_gmt":"2026-01-24T03:09:12","slug":"automovilismo-la-lluvia-no-pudo-frenar-la-fiesta-del-rally-federal","status":"publish","type":"post","link":"https:\/\/eldiariodesanpedro.com.ar\/sitio\/automovilismo-la-lluvia-no-pudo-frenar-la-fiesta-del-rally-federal\/","title":{"rendered":"AUTOMOVILISMO: La lluvia no pudo frenar la fiesta del Rally Federal"},"content":{"rendered":"<p><!-- VideographyWP Plugin Message: Automatic video embedding prevented by plugin options. --><br \/>\nLa lluvia no fue un impedimento para que Lobos viva la fiesta del Rally Federal. Con un gran trabajo las autoridades lograron sacar adelante una fecha que parec\u00eda imposible de realizar.<\/p>\n<p>  Tras una exitosa primera jornada, donde se realizaron las pruebas libres y la rampa de largada simb\u00f3lica, la lluvia apareci\u00f3 promediando la madrugada del s\u00e1bado y persisti\u00f3 durante gran parte del d\u00eda. Esta situaci\u00f3n hizo postergar el inicio de la carrera y luego de una reuni\u00f3n con las autoridades municipales, se logr\u00f3 rearmar un cronograma de emergencia, quedando la prueba especial de \u201cLa Porte\u00f1a\u201d como la elegida para disputar la actividad.<br \/>\n  Con 15 pilotos, la N7 demuestra fecha a fecha su gran nivel, siendo V\u00edctor Solmi uno de ellos, logr\u00f3 adjudicarse el sexto puesto en la primera etapa. \u201cViti\u201d, en la N3 no pudo finalizar el primer d\u00eda de actividad, ya que un cable del cuentavueltas se puso en corto, haciendo detener el VW Gol y obligando al abandono.<br \/>\n  La segunda etapa, la del domingo, comenz\u00f3 con un sol asomando de apoco y haciendo prever una gran jornada, pero minutos antes de comentar el \u00faltimo rulo el agua apareci\u00f3 nuevamente, logrando una incertidumbre entre los pilotos, algunos optaron por neum\u00e1ticos con taco, mientras otros lo hicieron con los convencionales.<br \/>\n  V\u00edctor Manuel pudo finalizar la etapa en el octavo puesto, mientras que en la clasificaci\u00f3n general de la clase se alz\u00f3 con s\u00e9ptimo puesto. Por su parte \u201cViti\u201d en condici\u00f3n de reenganchado pudo completar el recorrido viendo la pancarta final en el cuarto lugar.<br \/>\n  La pr\u00f3xima fecha ser\u00e1 el gran premio coronaci\u00f3n, el mismo se disputar\u00e1 los d\u00edas 23, 24 y 25 de noviembre en la ciudad de Chivilcoy.<\/p>\n","protected":false},"excerpt":{"rendered":"<p>La lluvia no fue un impedimento para que Lobos viva la fiesta del Rally Federal. Con un gran trabajo las autoridades lograron sacar adelante una fecha que parec\u00eda imposible de realizar. Tras una exitosa primera jornada, donde se realizaron las pruebas libres y la rampa de largada simb\u00f3lica, la lluvia apareci\u00f3 promediando la madrugada del [&hellip;]<\/p>\n","protected":false},"author":4,"featured_media":42389,"comment_status":"open","ping_status":"closed","sticky":false,"template":"","format":"standard","meta":{"om_disable_all_campaigns":false,"_jetpack_memberships_contains_paid_content":false,"footnotes":""},"categories":[5],"tags":[],"class_list":["post-42387","post","type-post","status-publish","format-standard","has-post-thumbnail","hentry","category-deportes"],"aioseo_notices":[],"gutentor_comment":0,"jetpack_featured_media_url":"https:\/\/eldiariodesanpedro.com.ar\/sitio\/wp-content\/uploads\/2018\/10\/Maquina-del-sampedrino-presente-en-Lobos.jpg","jetpack_shortlink":"https:\/\/wp.me\/p6RhLt-b1F","jetpack_sharing_enabled":true,"_links":{"self":[{"href":"https:\/\/eldiariodesanpedro.com.ar\/sitio\/wp-json\/wp\/v2\/posts\/42387","targetHints":{"allow":["GET"]}}],"collection":[{"href":"https:\/\/eldiariodesanpedro.com.ar\/sitio\/wp-json\/wp\/v2\/posts"}],"about":[{"href":"https:\/\/eldiariodesanpedro.com.ar\/sitio\/wp-json\/wp\/v2\/types\/post"}],"author":[{"embeddable":true,"href":"https:\/\/eldiariodesanpedro.com.ar\/sitio\/wp-json\/wp\/v2\/users\/4"}],"replies":[{"embeddable":true,"href":"https:\/\/eldiariodesanpedro.com.ar\/sitio\/wp-json\/wp\/v2\/comments?post=42387"}],"version-history":[{"count":2,"href":"https:\/\/eldiariodesanpedro.com.ar\/sitio\/wp-json\/wp\/v2\/posts\/42387\/revisions"}],"predecessor-version":[{"id":42393,"href":"https:\/\/eldiariodesanpedro.com.ar\/sitio\/wp-json\/wp\/v2\/posts\/42387\/revisions\/42393"}],"wp:featuredmedia":[{"embeddable":true,"href":"https:\/\/eldiariodesanpedro.com.ar\/sitio\/wp-json\/wp\/v2\/media\/42389"}],"wp:attachment":[{"href":"https:\/\/eldiariodesanpedro.com.ar\/sitio\/wp-json\/wp\/v2\/media?parent=42387"}],"wp:term":[{"taxonomy":"category","embeddable":true,"href":"https:\/\/eldiariodesanpedro.com.ar\/sitio\/wp-json\/wp\/v2\/categories?post=42387"},{"taxonomy":"post_tag","embeddable":true,"href":"https:\/\/eldiariodesanpedro.com.ar\/sitio\/wp-json\/wp\/v2\/tags?post=42387"}],"curies":[{"name":"wp","href":"https:\/\/api.w.org\/{rel}","templated":true}]}}