{"id":42377,"date":"2018-10-24T19:38:45","date_gmt":"2018-10-24T22:38:45","guid":{"rendered":"https:\/\/eldiariodesanpedro.com.ar\/sitio\/?p=42377"},"modified":"2018-10-24T20:45:11","modified_gmt":"2018-10-24T23:45:11","slug":"cecilio-salazar-las-decisiones-las-tomamos-nosotros-no-los-sindicatos","status":"publish","type":"post","link":"https:\/\/eldiariodesanpedro.com.ar\/sitio\/cecilio-salazar-las-decisiones-las-tomamos-nosotros-no-los-sindicatos\/","title":{"rendered":"Cecilio Salazar: \u00abLas decisiones las tomamos nosotros, no los sindicatos\u00bb"},"content":{"rendered":"<p><!-- VideographyWP Plugin Message: Automatic video embedding prevented by plugin options. --><br \/>\nLuego de las retenciones y medidas de fuerza que estuvieron realizando los trabajadores en conjunto con el Sindicato de Trabajadores Municipales y ATE, quienes solicitaban mediante el reclamo mejoras en las condiciones laborales y el pase a planta permanente en la Balanza, que fue uno de los lugares m\u00e1s cuestionados. El Ejecutivo aseguro que \u201cse van a ir cumpliendo paulatinamente\u201d.<\/p>\n<p>  \u201cRam\u00f3n se reuni\u00f3 directamente con los trabajadores en la Balanza hace unos d\u00edas atr\u00e1s, no tienen nada que ver los sindicatos, esto fue una decisi\u00f3n nuestra, les pidi\u00f3 y dialog\u00f3 con ellos para que levanten la medida y dem\u00e1s; aceptaron, est\u00e1n trabajando normalmente, el martes que fue el d\u00eda de paro municipal, no pararon, siguieron trabajando sin ning\u00fan tipo de problema\u201d, cont\u00f3 el Itendente.<\/p>\n<p>  Con respecto a nuestra pregunta sobre el reclamo por el pase a planta, el gremialista Juan Cruz Acosta confirm\u00f3 que desde el Ejecutivo hab\u00edan decidido que pasar\u00edan a la estabilidad laboral a 2 compa\u00f1eros por mes.<\/p>\n<p>  Salazar expres\u00f3: \u201cVan a ir a pasa planta, lo dijimos p\u00fablicamente, van a ir pasando por decisi\u00f3n nuestra, paulatinamente, se los dijimos claramente, lo vamos a decidir nosotros, esto no es un Cogobierno con los sindicatos \u00a1Hay cosas que les corresponden otras no! Las decisiones, que les quede claro, las tomamos nosotros\u201d y finaliz\u00f3 \u201cno podemos pasar a planta masivamente a los trabajadores, no queremos que la gente crea que afili\u00e1ndose a un gremio van a pasar a planta permanente, eso no se puede, por ahora no llegamos, a fin de a\u00f1o tenemos los aguinaldos tambi\u00e9n, entonces vamos a ir cumpliendo con todo, lo vuelvo a repetir, paulatinamente nosotros\u201d.<\/p>\n<p>  Adem\u00e1s, en la nota el Intendente destac\u00f3: \u201cEn alg\u00fan momento tiene que haber premios y castigos, me refiero a que en alg\u00fan momento estar\u00eda bueno que los sindicatos acepten el premio por presentismo, eso si es beneficiar a quien trabaja todos los d\u00edas; pero ellos no quieren porque dicen que es un apriete. \u00bfC\u00f3mo va a ser un apriete, a qui\u00e9n no le gustar\u00eda que su empresa le diera un premio por presentismo? Es un reconocimiento, un incentivo, queremos beneficiar realmente a aquellos que trabajan\u201d.<\/p>\n<p>  Y finaliz\u00f3: \u201cLa negociaci\u00f3n sigue abierta, la mesa est\u00e1 abierta todos los d\u00edas, pero es dif\u00edcil conversar con gente as\u00ed; el viernes tuvimos una reuni\u00f3n y el martes nos hacen un paro que realmente fracas\u00f3, pero bueno, nosotros seguimos abiertos al di\u00e1logo\u201d.<\/p>\n","protected":false},"excerpt":{"rendered":"<p>Luego de las retenciones y medidas de fuerza que estuvieron realizando los trabajadores en conjunto con el Sindicato de Trabajadores Municipales y ATE, quienes solicitaban mediante el reclamo mejoras en las condiciones laborales y el pase a planta permanente en la Balanza, que fue uno de los lugares m\u00e1s cuestionados. El Ejecutivo aseguro que \u201cse [&hellip;]<\/p>\n","protected":false},"author":4,"featured_media":24711,"comment_status":"open","ping_status":"closed","sticky":false,"template":"","format":"standard","meta":{"om_disable_all_campaigns":false,"_jetpack_memberships_contains_paid_content":false,"footnotes":""},"categories":[50,2,102],"tags":[],"class_list":["post-42377","post","type-post","status-publish","format-standard","has-post-thumbnail","hentry","category-destacadas","category-locales","category-politica-locales"],"aioseo_notices":[],"gutentor_comment":0,"jetpack_featured_media_url":"https:\/\/eldiariodesanpedro.com.ar\/sitio\/wp-content\/uploads\/2017\/10\/cecilio-salazar.jpeg","jetpack_shortlink":"https:\/\/wp.me\/p6RhLt-b1v","jetpack_sharing_enabled":true,"_links":{"self":[{"href":"https:\/\/eldiariodesanpedro.com.ar\/sitio\/wp-json\/wp\/v2\/posts\/42377","targetHints":{"allow":["GET"]}}],"collection":[{"href":"https:\/\/eldiariodesanpedro.com.ar\/sitio\/wp-json\/wp\/v2\/posts"}],"about":[{"href":"https:\/\/eldiariodesanpedro.com.ar\/sitio\/wp-json\/wp\/v2\/types\/post"}],"author":[{"embeddable":true,"href":"https:\/\/eldiariodesanpedro.com.ar\/sitio\/wp-json\/wp\/v2\/users\/4"}],"replies":[{"embeddable":true,"href":"https:\/\/eldiariodesanpedro.com.ar\/sitio\/wp-json\/wp\/v2\/comments?post=42377"}],"version-history":[{"count":6,"href":"https:\/\/eldiariodesanpedro.com.ar\/sitio\/wp-json\/wp\/v2\/posts\/42377\/revisions"}],"predecessor-version":[{"id":42380,"href":"https:\/\/eldiariodesanpedro.com.ar\/sitio\/wp-json\/wp\/v2\/posts\/42377\/revisions\/42380"}],"wp:featuredmedia":[{"embeddable":true,"href":"https:\/\/eldiariodesanpedro.com.ar\/sitio\/wp-json\/wp\/v2\/media\/24711"}],"wp:attachment":[{"href":"https:\/\/eldiariodesanpedro.com.ar\/sitio\/wp-json\/wp\/v2\/media?parent=42377"}],"wp:term":[{"taxonomy":"category","embeddable":true,"href":"https:\/\/eldiariodesanpedro.com.ar\/sitio\/wp-json\/wp\/v2\/categories?post=42377"},{"taxonomy":"post_tag","embeddable":true,"href":"https:\/\/eldiariodesanpedro.com.ar\/sitio\/wp-json\/wp\/v2\/tags?post=42377"}],"curies":[{"name":"wp","href":"https:\/\/api.w.org\/{rel}","templated":true}]}}