{"id":42373,"date":"2018-10-24T19:01:02","date_gmt":"2018-10-24T22:01:02","guid":{"rendered":"https:\/\/eldiariodesanpedro.com.ar\/sitio\/?p=42373"},"modified":"2018-10-24T19:01:02","modified_gmt":"2018-10-24T22:01:02","slug":"ivan-paz-natalia-claverini-ocupara-el-cargo-de-la-concejal-lopez","status":"publish","type":"post","link":"https:\/\/eldiariodesanpedro.com.ar\/sitio\/ivan-paz-natalia-claverini-ocupara-el-cargo-de-la-concejal-lopez\/","title":{"rendered":"Ivan Paz: \u00abNatalia Claverini ocupara el cargo de la Concejal Lopez\u00bb"},"content":{"rendered":"<p><!-- VideographyWP Plugin Message: Automatic video embedding prevented by plugin options. --><br \/>\nEl Presidente del bloque Cambiemos, Ivan Paz, cont\u00f3 a este medio los cambios que se realizaron en el bloque oficialista luego del esc\u00e1ndalo con la concejal Lopez por estar enganchada de la luz. Reconocieron su error y le pidieron licencia por tiempo indeterminado. Ocupara su lugar la concejal suplente, Natalia Claverini.<\/p>\n<p>Este martes la Concejal Ver\u00f3nica L\u00f3pez, pidi\u00f3 licencia por tiempo indefinido a su banca, luego de haber sido descubierta por los medios de comunicacion locales, que tenia una conexi\u00f3n irregular al tendido el\u00e9ctrico, y convertirse en un esc\u00e1ndalo, luego de sus distintas respuestas  que intentaba justificar o tapar la acci\u00f3n del delito, decidi\u00f3 no asistir al concejo y resguardarse en su casa.<\/p>\n<p>A nuestra consulta con el Presidente del Bloque de Cambiemos, expreso: \u00abdespu\u00e9s de que el fin de semana terminamos de comprobar como y de que manera tenia luz, y que comprobamos que no era de manera regular la situaci\u00f3n, les hicimos saber eso y que la conducta obviamente no estaba bien, y que el eco de ocultarla o querer defender algo indefendible, le propusimos que deje de ocupar la banca por un plazo indefinido, creemos que es lo m\u00ednimo que podemos hacer\u00bb.<\/p>\n<p>Con respecto a su persona y dedicaci\u00f3n en el concejo agrego: \u00abCon todo el dolor se lo pedimos porque es una integrante del cuerpo que siempre se ha manejado muy bien organicamente, siempre muy disciplinada con nosotros, pero bueno todo eso no quita que la conducta a sido err\u00f3nea, nadie esta autorizado a tener una conexi\u00f3n clandestina de luz y mucho menos quienes ocupamos un cargo, una funci\u00f3n publica, siempre tenemos que predicar con el ejemplo\u00bb.<\/p>\n<p>Tambi\u00e9n aclaro que la licencia de todo concejal es sin goce de sueldo, deja de ocupar la banca y no va a recibir la dieta, ni ning\u00fan tipo de renumeracion. Natalia Claverini, la concejal suplente, es quien estar\u00e1 ocupando su cargo por todo el plazo.<\/p>\n","protected":false},"excerpt":{"rendered":"<p>El Presidente del bloque Cambiemos, Ivan Paz, cont\u00f3 a este medio los cambios que se realizaron en el bloque oficialista luego del esc\u00e1ndalo con la concejal Lopez por estar enganchada de la luz. Reconocieron su error y le pidieron licencia por tiempo indeterminado. Ocupara su lugar la concejal suplente, Natalia Claverini. Este martes la Concejal [&hellip;]<\/p>\n","protected":false},"author":4,"featured_media":42374,"comment_status":"open","ping_status":"closed","sticky":false,"template":"","format":"standard","meta":{"om_disable_all_campaigns":false,"_jetpack_memberships_contains_paid_content":false,"footnotes":""},"categories":[50,101,2],"tags":[],"class_list":["post-42373","post","type-post","status-publish","format-standard","has-post-thumbnail","hentry","category-destacadas","category-interes-general-locales","category-locales"],"aioseo_notices":[],"gutentor_comment":0,"jetpack_featured_media_url":"https:\/\/eldiariodesanpedro.com.ar\/sitio\/wp-content\/uploads\/2018\/10\/44848442_483642232143488_648574846636130304_n.png","jetpack_shortlink":"https:\/\/wp.me\/p6RhLt-b1r","jetpack_sharing_enabled":true,"_links":{"self":[{"href":"https:\/\/eldiariodesanpedro.com.ar\/sitio\/wp-json\/wp\/v2\/posts\/42373","targetHints":{"allow":["GET"]}}],"collection":[{"href":"https:\/\/eldiariodesanpedro.com.ar\/sitio\/wp-json\/wp\/v2\/posts"}],"about":[{"href":"https:\/\/eldiariodesanpedro.com.ar\/sitio\/wp-json\/wp\/v2\/types\/post"}],"author":[{"embeddable":true,"href":"https:\/\/eldiariodesanpedro.com.ar\/sitio\/wp-json\/wp\/v2\/users\/4"}],"replies":[{"embeddable":true,"href":"https:\/\/eldiariodesanpedro.com.ar\/sitio\/wp-json\/wp\/v2\/comments?post=42373"}],"version-history":[{"count":1,"href":"https:\/\/eldiariodesanpedro.com.ar\/sitio\/wp-json\/wp\/v2\/posts\/42373\/revisions"}],"predecessor-version":[{"id":42375,"href":"https:\/\/eldiariodesanpedro.com.ar\/sitio\/wp-json\/wp\/v2\/posts\/42373\/revisions\/42375"}],"wp:featuredmedia":[{"embeddable":true,"href":"https:\/\/eldiariodesanpedro.com.ar\/sitio\/wp-json\/wp\/v2\/media\/42374"}],"wp:attachment":[{"href":"https:\/\/eldiariodesanpedro.com.ar\/sitio\/wp-json\/wp\/v2\/media?parent=42373"}],"wp:term":[{"taxonomy":"category","embeddable":true,"href":"https:\/\/eldiariodesanpedro.com.ar\/sitio\/wp-json\/wp\/v2\/categories?post=42373"},{"taxonomy":"post_tag","embeddable":true,"href":"https:\/\/eldiariodesanpedro.com.ar\/sitio\/wp-json\/wp\/v2\/tags?post=42373"}],"curies":[{"name":"wp","href":"https:\/\/api.w.org\/{rel}","templated":true}]}}