{"id":42361,"date":"2018-10-24T09:43:55","date_gmt":"2018-10-24T12:43:55","guid":{"rendered":"https:\/\/eldiariodesanpedro.com.ar\/sitio\/?p=42361"},"modified":"2018-10-24T09:43:55","modified_gmt":"2018-10-24T12:43:55","slug":"le-robaron-la-bicicleta-a-un-adolescente-de-14-anos-en-la-via-publica","status":"publish","type":"post","link":"https:\/\/eldiariodesanpedro.com.ar\/sitio\/le-robaron-la-bicicleta-a-un-adolescente-de-14-anos-en-la-via-publica\/","title":{"rendered":"Le robaron la bicicleta a un adolescente de 14 a\u00f1os en la v\u00eda p\u00fablica"},"content":{"rendered":"<p><!-- VideographyWP Plugin Message: Automatic video embedding prevented by plugin options. --><br \/>\nUna mama denunci\u00f3 en la Dependencia Local, que mientras su hijo de 14 a\u00f1os de edad, circulaba solo en su bicicleta, siendo las 18hs de este martes, sujetos ignorados se la quitaron de su poder y se dieron a la fuga.<\/p>\n<p>El hecho ocurri\u00f3 detras de la Iglesia Socorro, no se presentaron testigos del hecho y quedo a investigaci\u00f3n de la Fiscal\u00eda de turno. <\/p>\n","protected":false},"excerpt":{"rendered":"<p>Una mama denunci\u00f3 en la Dependencia Local, que mientras su hijo de 14 a\u00f1os de edad, circulaba solo en su bicicleta, siendo las 18hs de este martes, sujetos ignorados se la quitaron de su poder y se dieron a la fuga. El hecho ocurri\u00f3 detras de la Iglesia Socorro, no se presentaron testigos del hecho [&hellip;]<\/p>\n","protected":false},"author":4,"featured_media":39230,"comment_status":"open","ping_status":"closed","sticky":false,"template":"","format":"standard","meta":{"om_disable_all_campaigns":false,"_jetpack_memberships_contains_paid_content":false,"footnotes":""},"categories":[2,103],"tags":[],"class_list":["post-42361","post","type-post","status-publish","format-standard","has-post-thumbnail","hentry","category-locales","category-policiales-locales"],"aioseo_notices":[],"gutentor_comment":0,"jetpack_featured_media_url":"https:\/\/eldiariodesanpedro.com.ar\/sitio\/wp-content\/uploads\/2018\/08\/patrullero-policia_3.jpg","jetpack_shortlink":"https:\/\/wp.me\/p6RhLt-b1f","jetpack_sharing_enabled":true,"_links":{"self":[{"href":"https:\/\/eldiariodesanpedro.com.ar\/sitio\/wp-json\/wp\/v2\/posts\/42361","targetHints":{"allow":["GET"]}}],"collection":[{"href":"https:\/\/eldiariodesanpedro.com.ar\/sitio\/wp-json\/wp\/v2\/posts"}],"about":[{"href":"https:\/\/eldiariodesanpedro.com.ar\/sitio\/wp-json\/wp\/v2\/types\/post"}],"author":[{"embeddable":true,"href":"https:\/\/eldiariodesanpedro.com.ar\/sitio\/wp-json\/wp\/v2\/users\/4"}],"replies":[{"embeddable":true,"href":"https:\/\/eldiariodesanpedro.com.ar\/sitio\/wp-json\/wp\/v2\/comments?post=42361"}],"version-history":[{"count":1,"href":"https:\/\/eldiariodesanpedro.com.ar\/sitio\/wp-json\/wp\/v2\/posts\/42361\/revisions"}],"predecessor-version":[{"id":42362,"href":"https:\/\/eldiariodesanpedro.com.ar\/sitio\/wp-json\/wp\/v2\/posts\/42361\/revisions\/42362"}],"wp:featuredmedia":[{"embeddable":true,"href":"https:\/\/eldiariodesanpedro.com.ar\/sitio\/wp-json\/wp\/v2\/media\/39230"}],"wp:attachment":[{"href":"https:\/\/eldiariodesanpedro.com.ar\/sitio\/wp-json\/wp\/v2\/media?parent=42361"}],"wp:term":[{"taxonomy":"category","embeddable":true,"href":"https:\/\/eldiariodesanpedro.com.ar\/sitio\/wp-json\/wp\/v2\/categories?post=42361"},{"taxonomy":"post_tag","embeddable":true,"href":"https:\/\/eldiariodesanpedro.com.ar\/sitio\/wp-json\/wp\/v2\/tags?post=42361"}],"curies":[{"name":"wp","href":"https:\/\/api.w.org\/{rel}","templated":true}]}}