{"id":42357,"date":"2018-10-24T09:16:55","date_gmt":"2018-10-24T12:16:55","guid":{"rendered":"https:\/\/eldiariodesanpedro.com.ar\/sitio\/?p=42357"},"modified":"2018-10-24T09:16:55","modified_gmt":"2018-10-24T12:16:55","slug":"una-pareja-aprehendida-por-llevar-marihuana-en-envases-de-desodorante","status":"publish","type":"post","link":"https:\/\/eldiariodesanpedro.com.ar\/sitio\/una-pareja-aprehendida-por-llevar-marihuana-en-envases-de-desodorante\/","title":{"rendered":"Una pareja aprehendida por llevar marihuana en envases de desodorante"},"content":{"rendered":"<p><!-- VideographyWP Plugin Message: Automatic video embedding prevented by plugin options. --><br \/>\nEn la  tarde-noche de este martes, personal policial de Comisar\u00eda Local, en un marco de operativo que se vienen desarrollando constantemente, tuvo una intervenci\u00f3n en Acceso a Papel Prensa y Ruta 1001.<\/p>\n<p>En el operativo se procedi\u00f3 al secuestro de un autom\u00f3vil con una pareja de ocupantes, una mujer de 28 a\u00f1os de edad y un joven de 23, los cuales fueron aprehendidos por encontrarse en su poder cuatro envoltorios de marihuana compacta con un pesaje de 8 gramos, que llevaban ocultos en envase de desodorante.<\/p>\n<p>Los aprehendidos permanecen alojados en la Sede Policial, a la espera de ser trasladados a la Sede Judicial.<\/p>\n","protected":false},"excerpt":{"rendered":"<p>En la tarde-noche de este martes, personal policial de Comisar\u00eda Local, en un marco de operativo que se vienen desarrollando constantemente, tuvo una intervenci\u00f3n en Acceso a Papel Prensa y Ruta 1001. En el operativo se procedi\u00f3 al secuestro de un autom\u00f3vil con una pareja de ocupantes, una mujer de 28 a\u00f1os de edad y [&hellip;]<\/p>\n","protected":false},"author":4,"featured_media":42351,"comment_status":"open","ping_status":"closed","sticky":false,"template":"","format":"standard","meta":{"om_disable_all_campaigns":false,"_jetpack_memberships_contains_paid_content":false,"footnotes":""},"categories":[50,2,103],"tags":[],"class_list":["post-42357","post","type-post","status-publish","format-standard","has-post-thumbnail","hentry","category-destacadas","category-locales","category-policiales-locales"],"aioseo_notices":[],"gutentor_comment":0,"jetpack_featured_media_url":"https:\/\/eldiariodesanpedro.com.ar\/sitio\/wp-content\/uploads\/2018\/10\/WhatsApp-Image-2018-10-24-at-08.19.58.jpeg","jetpack_shortlink":"https:\/\/wp.me\/p6RhLt-b1b","jetpack_sharing_enabled":true,"_links":{"self":[{"href":"https:\/\/eldiariodesanpedro.com.ar\/sitio\/wp-json\/wp\/v2\/posts\/42357","targetHints":{"allow":["GET"]}}],"collection":[{"href":"https:\/\/eldiariodesanpedro.com.ar\/sitio\/wp-json\/wp\/v2\/posts"}],"about":[{"href":"https:\/\/eldiariodesanpedro.com.ar\/sitio\/wp-json\/wp\/v2\/types\/post"}],"author":[{"embeddable":true,"href":"https:\/\/eldiariodesanpedro.com.ar\/sitio\/wp-json\/wp\/v2\/users\/4"}],"replies":[{"embeddable":true,"href":"https:\/\/eldiariodesanpedro.com.ar\/sitio\/wp-json\/wp\/v2\/comments?post=42357"}],"version-history":[{"count":1,"href":"https:\/\/eldiariodesanpedro.com.ar\/sitio\/wp-json\/wp\/v2\/posts\/42357\/revisions"}],"predecessor-version":[{"id":42358,"href":"https:\/\/eldiariodesanpedro.com.ar\/sitio\/wp-json\/wp\/v2\/posts\/42357\/revisions\/42358"}],"wp:featuredmedia":[{"embeddable":true,"href":"https:\/\/eldiariodesanpedro.com.ar\/sitio\/wp-json\/wp\/v2\/media\/42351"}],"wp:attachment":[{"href":"https:\/\/eldiariodesanpedro.com.ar\/sitio\/wp-json\/wp\/v2\/media?parent=42357"}],"wp:term":[{"taxonomy":"category","embeddable":true,"href":"https:\/\/eldiariodesanpedro.com.ar\/sitio\/wp-json\/wp\/v2\/categories?post=42357"},{"taxonomy":"post_tag","embeddable":true,"href":"https:\/\/eldiariodesanpedro.com.ar\/sitio\/wp-json\/wp\/v2\/tags?post=42357"}],"curies":[{"name":"wp","href":"https:\/\/api.w.org\/{rel}","templated":true}]}}