{"id":42350,"date":"2018-10-24T09:04:18","date_gmt":"2018-10-24T12:04:18","guid":{"rendered":"https:\/\/eldiariodesanpedro.com.ar\/sitio\/?p=42350"},"modified":"2018-10-24T09:04:18","modified_gmt":"2018-10-24T12:04:18","slug":"robaron-una-camioneta-en-baradero-y-termino-en-una-zanja-en-san-pedro","status":"publish","type":"post","link":"https:\/\/eldiariodesanpedro.com.ar\/sitio\/robaron-una-camioneta-en-baradero-y-termino-en-una-zanja-en-san-pedro\/","title":{"rendered":"Robaron una camioneta en Baradero y termino en una zanja en San Pedro"},"content":{"rendered":"<p><!-- VideographyWP Plugin Message: Automatic video embedding prevented by plugin options. --><br \/>\nEn la noche del martes un autom\u00f3vil fue sustra\u00eddo de la ciudad vecina de Baradero y termin\u00f3 despistando sobre Ruta 1001 metidos en una zanja. Al costado de la ruta se encontraba una mujer lesionada y su acompa\u00f1ante se dio a la fuga.<\/p>\n<p>El hecho ocurri\u00f3 sobre Ruta 1001 en inmediaciones de Chivilcoy, cuando personal policial intervino por despiste y vuelco de un autom\u00f3vil. En el lugar una mujer fue hallada lesionada, tendida en el piso con politraumatismos varios, producto del accidente.<\/p>\n<p>En la identificaci\u00f3n policial de rutina, la mujer responde evasivas, por lo que r\u00e1pidamente se realizan distintas averiguaciones, estableci\u00e9ndose que el rodado siniestrado, registraba pedido de secuestro solicitado momentos antes por la fiscal\u00eda de la ciudad de Baradero, por hecho de Hurto Automotor.<\/p>\n<p>Como consecuencia de ello y conocimiento de la Fiscal\u00eda, se aprehendi\u00f3 a la mujer de 25 a\u00f1os de edad, quien aport\u00f3 domicilio en esta ciudad, quien habr\u00eda confesado tambi\u00e9n que su compa\u00f1ero se dio a la fuga. <\/p>\n<p>Permanece internada en el Hospital local, con custodia policial a espera de ser trasladada tras su alta m\u00e9dica a la ciudad de baradero. <\/p>\n<p>Posteriormente y con la ayuda del vehiculo de remolque, se  logro la  remosion del mismo, y entregado a su propietario, un ciudadano de la vecina localidad, que compareci\u00f3 a la comisar\u00eda de San Pedro, tras hab\u00e9rselo ubicado, quien dio cuenta que fue robado horas antes en la v\u00eda p\u00fablica, mientras estaba estacionado en el radio urbano de Baradero.<\/p>\n<p><img decoding=\"async\" data-attachment-id=\"42353\" data-permalink=\"https:\/\/eldiariodesanpedro.com.ar\/sitio\/robaron-una-camioneta-en-baradero-y-termino-en-una-zanja-en-san-pedro\/whatsapp-image-2018-10-24-at-08-20-06\/\" data-orig-file=\"https:\/\/eldiariodesanpedro.com.ar\/sitio\/wp-content\/uploads\/2018\/10\/WhatsApp-Image-2018-10-24-at-08.20.06.jpeg\" data-orig-size=\"1280,960\" data-comments-opened=\"1\" data-image-meta=\"{&quot;aperture&quot;:&quot;0&quot;,&quot;credit&quot;:&quot;&quot;,&quot;camera&quot;:&quot;&quot;,&quot;caption&quot;:&quot;&quot;,&quot;created_timestamp&quot;:&quot;0&quot;,&quot;copyright&quot;:&quot;&quot;,&quot;focal_length&quot;:&quot;0&quot;,&quot;iso&quot;:&quot;0&quot;,&quot;shutter_speed&quot;:&quot;0&quot;,&quot;title&quot;:&quot;&quot;,&quot;orientation&quot;:&quot;0&quot;}\" data-image-title=\"WhatsApp Image 2018-10-24 at 08.20.06\" data-image-description=\"\" data-image-caption=\"\" data-large-file=\"https:\/\/eldiariodesanpedro.com.ar\/sitio\/wp-content\/uploads\/2018\/10\/WhatsApp-Image-2018-10-24-at-08.20.06-1024x768.jpeg\" data-src=\"https:\/\/eldiariodesanpedro.com.ar\/sitio\/wp-content\/uploads\/2018\/10\/WhatsApp-Image-2018-10-24-at-08.20.06-1024x768.jpeg\" alt=\"\" width=\"660\" height=\"495\" class=\"alignnone size-large wp-image-42353 lazyload\" data-srcset=\"https:\/\/eldiariodesanpedro.com.ar\/sitio\/wp-content\/uploads\/2018\/10\/WhatsApp-Image-2018-10-24-at-08.20.06-1024x768.jpeg 1024w, https:\/\/eldiariodesanpedro.com.ar\/sitio\/wp-content\/uploads\/2018\/10\/WhatsApp-Image-2018-10-24-at-08.20.06-300x225.jpeg 300w, https:\/\/eldiariodesanpedro.com.ar\/sitio\/wp-content\/uploads\/2018\/10\/WhatsApp-Image-2018-10-24-at-08.20.06-768x576.jpeg 768w, https:\/\/eldiariodesanpedro.com.ar\/sitio\/wp-content\/uploads\/2018\/10\/WhatsApp-Image-2018-10-24-at-08.20.06.jpeg 1280w\" data-sizes=\"(max-width: 660px) 100vw, 660px\" src=\"data:image\/svg+xml;base64,PHN2ZyB3aWR0aD0iMSIgaGVpZ2h0PSIxIiB4bWxucz0iaHR0cDovL3d3dy53My5vcmcvMjAwMC9zdmciPjwvc3ZnPg==\" style=\"--smush-placeholder-width: 660px; --smush-placeholder-aspect-ratio: 660\/495;\" \/><\/p>\n<p><img decoding=\"async\" data-attachment-id=\"42354\" data-permalink=\"https:\/\/eldiariodesanpedro.com.ar\/sitio\/robaron-una-camioneta-en-baradero-y-termino-en-una-zanja-en-san-pedro\/whatsapp-image-2018-10-24-at-08-20-08\/\" data-orig-file=\"https:\/\/eldiariodesanpedro.com.ar\/sitio\/wp-content\/uploads\/2018\/10\/WhatsApp-Image-2018-10-24-at-08.20.08.jpeg\" data-orig-size=\"1280,960\" data-comments-opened=\"1\" data-image-meta=\"{&quot;aperture&quot;:&quot;0&quot;,&quot;credit&quot;:&quot;&quot;,&quot;camera&quot;:&quot;&quot;,&quot;caption&quot;:&quot;&quot;,&quot;created_timestamp&quot;:&quot;0&quot;,&quot;copyright&quot;:&quot;&quot;,&quot;focal_length&quot;:&quot;0&quot;,&quot;iso&quot;:&quot;0&quot;,&quot;shutter_speed&quot;:&quot;0&quot;,&quot;title&quot;:&quot;&quot;,&quot;orientation&quot;:&quot;0&quot;}\" data-image-title=\"WhatsApp Image 2018-10-24 at 08.20.08\" data-image-description=\"\" data-image-caption=\"\" data-large-file=\"https:\/\/eldiariodesanpedro.com.ar\/sitio\/wp-content\/uploads\/2018\/10\/WhatsApp-Image-2018-10-24-at-08.20.08-1024x768.jpeg\" data-src=\"https:\/\/eldiariodesanpedro.com.ar\/sitio\/wp-content\/uploads\/2018\/10\/WhatsApp-Image-2018-10-24-at-08.20.08-1024x768.jpeg\" alt=\"\" width=\"660\" height=\"495\" class=\"alignnone size-large wp-image-42354 lazyload\" data-srcset=\"https:\/\/eldiariodesanpedro.com.ar\/sitio\/wp-content\/uploads\/2018\/10\/WhatsApp-Image-2018-10-24-at-08.20.08-1024x768.jpeg 1024w, https:\/\/eldiariodesanpedro.com.ar\/sitio\/wp-content\/uploads\/2018\/10\/WhatsApp-Image-2018-10-24-at-08.20.08-300x225.jpeg 300w, https:\/\/eldiariodesanpedro.com.ar\/sitio\/wp-content\/uploads\/2018\/10\/WhatsApp-Image-2018-10-24-at-08.20.08-768x576.jpeg 768w, https:\/\/eldiariodesanpedro.com.ar\/sitio\/wp-content\/uploads\/2018\/10\/WhatsApp-Image-2018-10-24-at-08.20.08.jpeg 1280w\" data-sizes=\"(max-width: 660px) 100vw, 660px\" src=\"data:image\/svg+xml;base64,PHN2ZyB3aWR0aD0iMSIgaGVpZ2h0PSIxIiB4bWxucz0iaHR0cDovL3d3dy53My5vcmcvMjAwMC9zdmciPjwvc3ZnPg==\" style=\"--smush-placeholder-width: 660px; --smush-placeholder-aspect-ratio: 660\/495;\" \/><\/p>\n","protected":false},"excerpt":{"rendered":"<p>En la noche del martes un autom\u00f3vil fue sustra\u00eddo de la ciudad vecina de Baradero y termin\u00f3 despistando sobre Ruta 1001 metidos en una zanja. Al costado de la ruta se encontraba una mujer lesionada y su acompa\u00f1ante se dio a la fuga. El hecho ocurri\u00f3 sobre Ruta 1001 en inmediaciones de Chivilcoy, cuando personal [&hellip;]<\/p>\n","protected":false},"author":4,"featured_media":42353,"comment_status":"open","ping_status":"closed","sticky":false,"template":"","format":"standard","meta":{"om_disable_all_campaigns":false,"_jetpack_memberships_contains_paid_content":false,"footnotes":""},"categories":[50,2,103],"tags":[],"class_list":["post-42350","post","type-post","status-publish","format-standard","has-post-thumbnail","hentry","category-destacadas","category-locales","category-policiales-locales"],"aioseo_notices":[],"gutentor_comment":0,"jetpack_featured_media_url":"https:\/\/eldiariodesanpedro.com.ar\/sitio\/wp-content\/uploads\/2018\/10\/WhatsApp-Image-2018-10-24-at-08.20.06.jpeg","jetpack_shortlink":"https:\/\/wp.me\/p6RhLt-b14","jetpack_sharing_enabled":true,"_links":{"self":[{"href":"https:\/\/eldiariodesanpedro.com.ar\/sitio\/wp-json\/wp\/v2\/posts\/42350","targetHints":{"allow":["GET"]}}],"collection":[{"href":"https:\/\/eldiariodesanpedro.com.ar\/sitio\/wp-json\/wp\/v2\/posts"}],"about":[{"href":"https:\/\/eldiariodesanpedro.com.ar\/sitio\/wp-json\/wp\/v2\/types\/post"}],"author":[{"embeddable":true,"href":"https:\/\/eldiariodesanpedro.com.ar\/sitio\/wp-json\/wp\/v2\/users\/4"}],"replies":[{"embeddable":true,"href":"https:\/\/eldiariodesanpedro.com.ar\/sitio\/wp-json\/wp\/v2\/comments?post=42350"}],"version-history":[{"count":1,"href":"https:\/\/eldiariodesanpedro.com.ar\/sitio\/wp-json\/wp\/v2\/posts\/42350\/revisions"}],"predecessor-version":[{"id":42356,"href":"https:\/\/eldiariodesanpedro.com.ar\/sitio\/wp-json\/wp\/v2\/posts\/42350\/revisions\/42356"}],"wp:featuredmedia":[{"embeddable":true,"href":"https:\/\/eldiariodesanpedro.com.ar\/sitio\/wp-json\/wp\/v2\/media\/42353"}],"wp:attachment":[{"href":"https:\/\/eldiariodesanpedro.com.ar\/sitio\/wp-json\/wp\/v2\/media?parent=42350"}],"wp:term":[{"taxonomy":"category","embeddable":true,"href":"https:\/\/eldiariodesanpedro.com.ar\/sitio\/wp-json\/wp\/v2\/categories?post=42350"},{"taxonomy":"post_tag","embeddable":true,"href":"https:\/\/eldiariodesanpedro.com.ar\/sitio\/wp-json\/wp\/v2\/tags?post=42350"}],"curies":[{"name":"wp","href":"https:\/\/api.w.org\/{rel}","templated":true}]}}