{"id":42339,"date":"2018-10-23T20:42:10","date_gmt":"2018-10-23T23:42:10","guid":{"rendered":"https:\/\/eldiariodesanpedro.com.ar\/sitio\/?p=42339"},"modified":"2026-01-24T00:09:13","modified_gmt":"2026-01-24T03:09:13","slug":"patin-carrera-magdalena-bustos-subcampeona","status":"publish","type":"post","link":"https:\/\/eldiariodesanpedro.com.ar\/sitio\/patin-carrera-magdalena-bustos-subcampeona\/","title":{"rendered":"PAT\u00cdN CARRERA: Magdalena Bustos subcampeona"},"content":{"rendered":"<p><!-- VideographyWP Plugin Message: Automatic video embedding prevented by plugin options. --><br \/>\n  La peque\u00f1a deportista se consagr\u00f3 subcampeona nacional de Pat\u00edn Carrera el pasado fin de semana. Tambi\u00e9n realizaron buenas actuaciones Nair Negrete y Pilar Men\u00e9ndez.<br \/>\n  Las representantes de \u00abRinc\u00f3n de los Gauchos\u00bb lo hicieron en el \u00faltimo certamen del a\u00f1o en la localidad de Ezeiza. Bustos logr\u00f3 ubicarse en el segundo lugar en los 3000 metros. Cabe destacar que viene de obtener el t\u00edtulo nacional en Neuqu\u00e9n el mes anterior.<\/p>\n","protected":false},"excerpt":{"rendered":"<p>La peque\u00f1a deportista se consagr\u00f3 subcampeona nacional de Pat\u00edn Carrera el pasado fin de semana. Tambi\u00e9n realizaron buenas actuaciones Nair Negrete y Pilar Men\u00e9ndez. Las representantes de \u00abRinc\u00f3n de los Gauchos\u00bb lo hicieron en el \u00faltimo certamen del a\u00f1o en la localidad de Ezeiza. Bustos logr\u00f3 ubicarse en el segundo lugar en los 3000 metros. [&hellip;]<\/p>\n","protected":false},"author":4,"featured_media":42342,"comment_status":"open","ping_status":"closed","sticky":false,"template":"","format":"standard","meta":{"om_disable_all_campaigns":false,"_jetpack_memberships_contains_paid_content":false,"footnotes":""},"categories":[5],"tags":[],"class_list":["post-42339","post","type-post","status-publish","format-standard","has-post-thumbnail","hentry","category-deportes"],"aioseo_notices":[],"gutentor_comment":0,"jetpack_featured_media_url":"https:\/\/eldiariodesanpedro.com.ar\/sitio\/wp-content\/uploads\/2018\/10\/Bustos-en-el-podio-de-Ezeiza.jpg","jetpack_shortlink":"https:\/\/wp.me\/p6RhLt-b0T","jetpack_sharing_enabled":true,"_links":{"self":[{"href":"https:\/\/eldiariodesanpedro.com.ar\/sitio\/wp-json\/wp\/v2\/posts\/42339","targetHints":{"allow":["GET"]}}],"collection":[{"href":"https:\/\/eldiariodesanpedro.com.ar\/sitio\/wp-json\/wp\/v2\/posts"}],"about":[{"href":"https:\/\/eldiariodesanpedro.com.ar\/sitio\/wp-json\/wp\/v2\/types\/post"}],"author":[{"embeddable":true,"href":"https:\/\/eldiariodesanpedro.com.ar\/sitio\/wp-json\/wp\/v2\/users\/4"}],"replies":[{"embeddable":true,"href":"https:\/\/eldiariodesanpedro.com.ar\/sitio\/wp-json\/wp\/v2\/comments?post=42339"}],"version-history":[{"count":1,"href":"https:\/\/eldiariodesanpedro.com.ar\/sitio\/wp-json\/wp\/v2\/posts\/42339\/revisions"}],"predecessor-version":[{"id":42344,"href":"https:\/\/eldiariodesanpedro.com.ar\/sitio\/wp-json\/wp\/v2\/posts\/42339\/revisions\/42344"}],"wp:featuredmedia":[{"embeddable":true,"href":"https:\/\/eldiariodesanpedro.com.ar\/sitio\/wp-json\/wp\/v2\/media\/42342"}],"wp:attachment":[{"href":"https:\/\/eldiariodesanpedro.com.ar\/sitio\/wp-json\/wp\/v2\/media?parent=42339"}],"wp:term":[{"taxonomy":"category","embeddable":true,"href":"https:\/\/eldiariodesanpedro.com.ar\/sitio\/wp-json\/wp\/v2\/categories?post=42339"},{"taxonomy":"post_tag","embeddable":true,"href":"https:\/\/eldiariodesanpedro.com.ar\/sitio\/wp-json\/wp\/v2\/tags?post=42339"}],"curies":[{"name":"wp","href":"https:\/\/api.w.org\/{rel}","templated":true}]}}