{"id":42335,"date":"2018-10-23T20:36:12","date_gmt":"2018-10-23T23:36:12","guid":{"rendered":"https:\/\/eldiariodesanpedro.com.ar\/sitio\/?p=42335"},"modified":"2026-01-24T00:09:13","modified_gmt":"2026-01-24T03:09:13","slug":"futbol-femenino-esta-noche-juega-el-selectivo-local","status":"publish","type":"post","link":"https:\/\/eldiariodesanpedro.com.ar\/sitio\/futbol-femenino-esta-noche-juega-el-selectivo-local\/","title":{"rendered":"F\u00daTBOL FEMENINO: Esta noche juega el selectivo local"},"content":{"rendered":"<p><!-- VideographyWP Plugin Message: Automatic video embedding prevented by plugin options. --><br \/>\nEste mi\u00e9rcoles a las 20:30 horas juegan las chicas ante un representativo de la localidad de Todd en cotejo de ida en el certamen regional de f\u00fatbol femenino de cancha de baby f\u00fatbol. San Pedro jugar\u00e1 ante su similar de Todd, ser\u00e1 el partido de ida de la segunda fase del certamen zonal que se denomina 1\u00ba Edici\u00f3n \u201cCopa Regional\u201d. San pedro super\u00f3 en la primera a Z\u00e1rate. 32 equipos en total son parte del Torneo. El plantel de las sampedrinas est\u00e1 compuesto por: <\/p>\n<p>Milagros Actis<br \/>\nAmparo Malacalza<br \/>\nJaqueline M\u00e1rsico<br \/>\nJessica Molina<br \/>\nLeila Piatti<br \/>\nMar\u00eda Laura Piriz<br \/>\nAyel\u00e9n Ramallo<br \/>\nYesica Reynoso<br \/>\nMarianela Rosi<br \/>\nAgustina S\u00e1nchez<br \/>\nMayra Tyorig<br \/>\nAldana Vanrrell<br \/>\nAnal\u00eda Vel\u00e1zquez<br \/>\nDaniela Vel\u00e1zquez<br \/>\nValeria Velo<br \/>\nNancy Zaracho<\/p>\n","protected":false},"excerpt":{"rendered":"<p>Este mi\u00e9rcoles a las 20:30 horas juegan las chicas ante un representativo de la localidad de Todd en cotejo de ida en el certamen regional de f\u00fatbol femenino de cancha de baby f\u00fatbol. San Pedro jugar\u00e1 ante su similar de Todd, ser\u00e1 el partido de ida de la segunda fase del certamen zonal que se [&hellip;]<\/p>\n","protected":false},"author":4,"featured_media":21255,"comment_status":"open","ping_status":"closed","sticky":false,"template":"","format":"standard","meta":{"om_disable_all_campaigns":false,"_jetpack_memberships_contains_paid_content":false,"footnotes":""},"categories":[5],"tags":[],"class_list":["post-42335","post","type-post","status-publish","format-standard","has-post-thumbnail","hentry","category-deportes"],"aioseo_notices":[],"gutentor_comment":0,"jetpack_featured_media_url":"https:\/\/eldiariodesanpedro.com.ar\/sitio\/wp-content\/uploads\/2017\/07\/futbol-arco.jpg","jetpack_shortlink":"https:\/\/wp.me\/p6RhLt-b0P","jetpack_sharing_enabled":true,"_links":{"self":[{"href":"https:\/\/eldiariodesanpedro.com.ar\/sitio\/wp-json\/wp\/v2\/posts\/42335","targetHints":{"allow":["GET"]}}],"collection":[{"href":"https:\/\/eldiariodesanpedro.com.ar\/sitio\/wp-json\/wp\/v2\/posts"}],"about":[{"href":"https:\/\/eldiariodesanpedro.com.ar\/sitio\/wp-json\/wp\/v2\/types\/post"}],"author":[{"embeddable":true,"href":"https:\/\/eldiariodesanpedro.com.ar\/sitio\/wp-json\/wp\/v2\/users\/4"}],"replies":[{"embeddable":true,"href":"https:\/\/eldiariodesanpedro.com.ar\/sitio\/wp-json\/wp\/v2\/comments?post=42335"}],"version-history":[{"count":2,"href":"https:\/\/eldiariodesanpedro.com.ar\/sitio\/wp-json\/wp\/v2\/posts\/42335\/revisions"}],"predecessor-version":[{"id":42343,"href":"https:\/\/eldiariodesanpedro.com.ar\/sitio\/wp-json\/wp\/v2\/posts\/42335\/revisions\/42343"}],"wp:featuredmedia":[{"embeddable":true,"href":"https:\/\/eldiariodesanpedro.com.ar\/sitio\/wp-json\/wp\/v2\/media\/21255"}],"wp:attachment":[{"href":"https:\/\/eldiariodesanpedro.com.ar\/sitio\/wp-json\/wp\/v2\/media?parent=42335"}],"wp:term":[{"taxonomy":"category","embeddable":true,"href":"https:\/\/eldiariodesanpedro.com.ar\/sitio\/wp-json\/wp\/v2\/categories?post=42335"},{"taxonomy":"post_tag","embeddable":true,"href":"https:\/\/eldiariodesanpedro.com.ar\/sitio\/wp-json\/wp\/v2\/tags?post=42335"}],"curies":[{"name":"wp","href":"https:\/\/api.w.org\/{rel}","templated":true}]}}