{"id":42332,"date":"2018-10-23T20:31:03","date_gmt":"2018-10-23T23:31:03","guid":{"rendered":"https:\/\/eldiariodesanpedro.com.ar\/sitio\/?p=42332"},"modified":"2018-10-23T20:31:03","modified_gmt":"2018-10-23T23:31:03","slug":"arrecifes-exitosa-fiesta-provincial-del-automovilismo","status":"publish","type":"post","link":"https:\/\/eldiariodesanpedro.com.ar\/sitio\/arrecifes-exitosa-fiesta-provincial-del-automovilismo\/","title":{"rendered":"ARRECIFES: Exitosa Fiesta Provincial del Automovilismo"},"content":{"rendered":"<p><!-- VideographyWP Plugin Message: Automatic video embedding prevented by plugin options. --><br \/>\nEl fin de semana no ofreci\u00f3 las mejores condiciones clim\u00e1ticas para la realizaci\u00f3n de la \u201cIX Fiesta Provincial del Automovilismo\u201d, pero este no fue factor determinante a la hora de su realizaci\u00f3n.<\/p>\n<p>  Con un sorprendente trabajo realizado por todas las \u00e1reas municipales en el montaje del predio y garantizando el normal desarrollo de la misma, los numerosos visitantes que asistieron a la doble jornada de s\u00e1bado y domingo, se encontraron una vez m\u00e1s y como el municipio nos tiene acostumbrado, a Arrecifes ubicado en un importante lugar como foco de atracci\u00f3n entre las fiestas m\u00e1s populares del pa\u00eds.<br \/>\n  Con el automovilismo como protagonista, pilotos internacionales, nacionales; Josito Di Palma, Nicol\u00e1s Trosset, Valent\u00edn Aguirre, Juan Tom\u00e1s Catal\u00e1n Magni, St\u00e9fano Di Palma entre otros, zonales y de Karting, participaron activamente de su propia fiesta, la que los identifica.<br \/>\n  Actividades en pista, charlas en auditorio, con la destacada presencia del m\u00faltiple campe\u00f3n Guillermo Ortelli y Jos\u00e9 Luis Di Palma, pilotos, reconocimientos, exposici\u00f3n de los equipos de competici\u00f3n m\u00e1s importantes de la Cuna de Campeones, autos de todas las \u00e9pocas, deleitaron a los presentes, quienes adem\u00e1s pudieron disfrutar de un paseo de stands de comercios y empresas que en gran n\u00famero quisieron ser parte de este acontecimiento anual que ya es una tradici\u00f3n bien nuestra.<br \/>\n  El patio de comidas, paseo de artesanos y microemprendedores, complementaron una fiesta a la altura de las expectativas de un p\u00fablico que, sin distinci\u00f3n de sexos ni edades, la recorri\u00f3 con gran entusiasmo.<br \/>\n  La actividad en el escenario, tuvo el s\u00e1bado tuvo su toque musical con la presentaci\u00f3n de Fejumas y Tumbao, previo a la tradicional y esperada elecci\u00f3n de la Reina de la IX Fiesta Provincial del Automovilismo 2018, honor que recay\u00f3 en la se\u00f1orita Camila Rodr\u00edguez, y la jornada del domingo tuvo su punto m\u00e1ximo de p\u00fablico con la presentaci\u00f3n en el escenario C\u00e1stulo Hortal, de Los Pericos y un show que hizo estallar el circuito costanero, en un cierre a la altura de una gran fiesta, la m\u00e1s nuestra.<\/p>\n","protected":false},"excerpt":{"rendered":"<p>El fin de semana no ofreci\u00f3 las mejores condiciones clim\u00e1ticas para la realizaci\u00f3n de la \u201cIX Fiesta Provincial del Automovilismo\u201d, pero este no fue factor determinante a la hora de su realizaci\u00f3n. Con un sorprendente trabajo realizado por todas las \u00e1reas municipales en el montaje del predio y garantizando el normal desarrollo de la misma, [&hellip;]<\/p>\n","protected":false},"author":4,"featured_media":42334,"comment_status":"open","ping_status":"closed","sticky":false,"template":"","format":"standard","meta":{"om_disable_all_campaigns":false,"_jetpack_memberships_contains_paid_content":false,"footnotes":""},"categories":[621],"tags":[],"class_list":["post-42332","post","type-post","status-publish","format-standard","has-post-thumbnail","hentry","category-regionales"],"aioseo_notices":[],"gutentor_comment":0,"jetpack_featured_media_url":"https:\/\/eldiariodesanpedro.com.ar\/sitio\/wp-content\/uploads\/2018\/10\/IX-Fiesta-Provincial-del-Automovilismo.jpg","jetpack_shortlink":"https:\/\/wp.me\/p6RhLt-b0M","jetpack_sharing_enabled":true,"_links":{"self":[{"href":"https:\/\/eldiariodesanpedro.com.ar\/sitio\/wp-json\/wp\/v2\/posts\/42332","targetHints":{"allow":["GET"]}}],"collection":[{"href":"https:\/\/eldiariodesanpedro.com.ar\/sitio\/wp-json\/wp\/v2\/posts"}],"about":[{"href":"https:\/\/eldiariodesanpedro.com.ar\/sitio\/wp-json\/wp\/v2\/types\/post"}],"author":[{"embeddable":true,"href":"https:\/\/eldiariodesanpedro.com.ar\/sitio\/wp-json\/wp\/v2\/users\/4"}],"replies":[{"embeddable":true,"href":"https:\/\/eldiariodesanpedro.com.ar\/sitio\/wp-json\/wp\/v2\/comments?post=42332"}],"version-history":[{"count":1,"href":"https:\/\/eldiariodesanpedro.com.ar\/sitio\/wp-json\/wp\/v2\/posts\/42332\/revisions"}],"predecessor-version":[{"id":42336,"href":"https:\/\/eldiariodesanpedro.com.ar\/sitio\/wp-json\/wp\/v2\/posts\/42332\/revisions\/42336"}],"wp:featuredmedia":[{"embeddable":true,"href":"https:\/\/eldiariodesanpedro.com.ar\/sitio\/wp-json\/wp\/v2\/media\/42334"}],"wp:attachment":[{"href":"https:\/\/eldiariodesanpedro.com.ar\/sitio\/wp-json\/wp\/v2\/media?parent=42332"}],"wp:term":[{"taxonomy":"category","embeddable":true,"href":"https:\/\/eldiariodesanpedro.com.ar\/sitio\/wp-json\/wp\/v2\/categories?post=42332"},{"taxonomy":"post_tag","embeddable":true,"href":"https:\/\/eldiariodesanpedro.com.ar\/sitio\/wp-json\/wp\/v2\/tags?post=42332"}],"curies":[{"name":"wp","href":"https:\/\/api.w.org\/{rel}","templated":true}]}}