{"id":42326,"date":"2018-10-23T20:25:41","date_gmt":"2018-10-23T23:25:41","guid":{"rendered":"https:\/\/eldiariodesanpedro.com.ar\/sitio\/?p=42326"},"modified":"2018-10-23T20:25:41","modified_gmt":"2018-10-23T23:25:41","slug":"campana-hcd-aprueban-ordenanza-prohibiendo-la-traccion-a-sangre-en-campana","status":"publish","type":"post","link":"https:\/\/eldiariodesanpedro.com.ar\/sitio\/campana-hcd-aprueban-ordenanza-prohibiendo-la-traccion-a-sangre-en-campana\/","title":{"rendered":"CAMPANA HCD: Aprueban Ordenanza prohibiendo la tracci\u00f3n a sangre en Campana"},"content":{"rendered":"<p><!-- VideographyWP Plugin Message: Automatic video embedding prevented by plugin options. --><br \/>\n  Iniciativa del bloque PJ-Unidad Ciudadana con el acompa\u00f1amiento y aportes de los dem\u00e1s bloques opositores. Acci\u00f3n Liberadora Animal (ALA) y Basta de TAS Campana, apoyan la iniciativa. Desde el oficialismo se rechaz\u00f3 el proyecto.<br \/>\n  Impulsada por el bloque PJ-Unidad Ciudadana, a trav\u00e9s de su concejal Osvaldo Fraticelli, y con el acompa\u00f1amiento del grupo Acci\u00f3n Liberadora Animal (ALA), junto a aportes realizados por los ediles del Frente Renovador y de la UV \u201cM\u00e1s Campana\u201d, pero con el voto negativo por parte de Cambiemos, el HCD aprob\u00f3 la Ordenanza que establece reemplazar la tracci\u00f3n a sangre en el \u00e1mbito del Partido de Campana. Ahora, \u00bflo vetar\u00e1 el Intendente?<br \/>\n  La Ordenanza sancionada fue propuesta por el justicialismo durante los \u00faltimos tres a\u00f1os, ya que \u201cla tracci\u00f3n a sangre es una problem\u00e1tica que preocupa a la poblaci\u00f3n en general, especialmente a las organizaciones defensoras de los derechos de los animales. Todos debemos ser conscientes que la tarea de recolecci\u00f3n de residuos reciclables mediante carros con tracci\u00f3n a sangre incluye el tratamiento de los residuos s\u00f3lidos, la protecci\u00f3n animal, la seguridad vial, el trabajo infantil y fundamentalmente la inclusi\u00f3n social y la dignidad de los trabajadores, factores que \u201cobligan\u201d al Municipio a \u201ccontar con una normativa que contemple la necesidad de sustituir los veh\u00edculos con tracci\u00f3n a sangre y adem\u00e1s satisfacer y beneficiar a todos los actores, trabajadores, recolectores y a la sociedad en su conjunto\u201d, fundament\u00f3 Fraticelli.<br \/>\n  A la vez que agreg\u00f3: \u201cEl objetivo del proyecto es erradicar o abolir la tracci\u00f3n a sangre, pero tambi\u00e9n lo es brindar apoyo a nivel econ\u00f3mico a estos trabajadores que tienen esta actividad como \u00fanica fuente de ingresos\u201d.<br \/>\n  Seg\u00fan se conoci\u00f3, la Ordenanza incluye la opci\u00f3n de darle al propietario del animal la opci\u00f3n de entregarlo o conservarlo bajo la condici\u00f3n de no volverlo a utilizar para movilizar rodados.<br \/>\n  Prev\u00e9 que el Municipio utilice los veh\u00edculos confiscados que posee y\/o adquiera nuevos y se los ceda a los recolectores. El dise\u00f1o de los nuevos carros correr\u00eda por cuenta de privados como de escuelas t\u00e9cnicas y de oficio.<br \/>\n  Se deber\u00e1n realizar censos, crear un registro, entregar libretas sanitarias, placas de identificaci\u00f3n y carnet habilitante para la conducci\u00f3n de los motocarros. El Municipio deber\u00e1 asistir financieramente a los recolectores. Siendo Medio Ambiente, Desarrollo Social, Transporte y Tr\u00e1nsito, las \u00e1reas conjuntas de su aplicaci\u00f3n.<br \/>\n  Desde el bloque oficialista se alzaron voces contrarias a la Ordenanza aprobada por el HCD, ya que seg\u00fan dijo Carlos Cazador, estaba presentada \u201cde prepo\u201d, y cuestion\u00f3 la intencionalidad de esta ya que dijo \u201calgunos concejales creen ser la mayor\u00eda que nos impone a nosotros lo que debemos hacer\u201d.<br \/>\n  Desde UV \u201cM\u00e1s Campana\u201d, la concejal Rosa Funes adhiri\u00f3 a la propuesta del PJ-Unidad Ciudadana y consider\u00f3 que se debe integrar a \u201cquienes viven de la separaci\u00f3n, recolecci\u00f3n y acopio de residuos s\u00f3lidos para su posterior venta\u201d.<br \/>\n  Acci\u00f3n Liberadora Animal (ALA) y el grupo \u201cBasta De Tas Campana\u201d comenzaron con una serie de acciones, especialmente en redes sociales, ante lo que consideran una visibilizaci\u00f3n de un posible nuevo veto por parte del Intendente Abella.<br \/>\n  En su muro del Facebook, ALA public\u00f3: \u201cLuego de la votaci\u00f3n del proyecto sobre sustituci\u00f3n de la tracci\u00f3n a sangre y viendo la uni\u00f3n en la negativa al proyecto de su bloque, creemos que el intendente Abella va a vetar el proyecto, eliminando una nueva chance que tiene la ciudad para terminar con la tracci\u00f3n a sangre. El proyecto fue aprobado y solo resta la firma del intendente. \u00bfQu\u00e9 pasar\u00e1? Est\u00e1 en sus manos. Esperamos que escuche al pueblo, porque los caballos no votan, pero los defensores de los animales s\u00ed\u201d.<br \/>\n  \u201cQue el pueblo de Campana recuerde qui\u00e9nes son los que no desean que se termine el maltrato animal. Exigimos basta de TAS en nuestra ciudad\u201d, escribi\u00f3 por su parte y en su Facebook, Basta De TAS Campana. en su p\u00e1gina de Facebook. <\/p>\n","protected":false},"excerpt":{"rendered":"<p>Iniciativa del bloque PJ-Unidad Ciudadana con el acompa\u00f1amiento y aportes de los dem\u00e1s bloques opositores. Acci\u00f3n Liberadora Animal (ALA) y Basta de TAS Campana, apoyan la iniciativa. Desde el oficialismo se rechaz\u00f3 el proyecto. Impulsada por el bloque PJ-Unidad Ciudadana, a trav\u00e9s de su concejal Osvaldo Fraticelli, y con el acompa\u00f1amiento del grupo Acci\u00f3n Liberadora [&hellip;]<\/p>\n","protected":false},"author":4,"featured_media":42327,"comment_status":"open","ping_status":"closed","sticky":false,"template":"","format":"standard","meta":{"om_disable_all_campaigns":false,"_jetpack_memberships_contains_paid_content":false,"footnotes":""},"categories":[621],"tags":[],"class_list":["post-42326","post","type-post","status-publish","format-standard","has-post-thumbnail","hentry","category-regionales"],"aioseo_notices":[],"gutentor_comment":0,"jetpack_featured_media_url":"https:\/\/eldiariodesanpedro.com.ar\/sitio\/wp-content\/uploads\/2018\/10\/traccion-a-sangre.jpg","jetpack_shortlink":"https:\/\/wp.me\/p6RhLt-b0G","jetpack_sharing_enabled":true,"_links":{"self":[{"href":"https:\/\/eldiariodesanpedro.com.ar\/sitio\/wp-json\/wp\/v2\/posts\/42326","targetHints":{"allow":["GET"]}}],"collection":[{"href":"https:\/\/eldiariodesanpedro.com.ar\/sitio\/wp-json\/wp\/v2\/posts"}],"about":[{"href":"https:\/\/eldiariodesanpedro.com.ar\/sitio\/wp-json\/wp\/v2\/types\/post"}],"author":[{"embeddable":true,"href":"https:\/\/eldiariodesanpedro.com.ar\/sitio\/wp-json\/wp\/v2\/users\/4"}],"replies":[{"embeddable":true,"href":"https:\/\/eldiariodesanpedro.com.ar\/sitio\/wp-json\/wp\/v2\/comments?post=42326"}],"version-history":[{"count":1,"href":"https:\/\/eldiariodesanpedro.com.ar\/sitio\/wp-json\/wp\/v2\/posts\/42326\/revisions"}],"predecessor-version":[{"id":42328,"href":"https:\/\/eldiariodesanpedro.com.ar\/sitio\/wp-json\/wp\/v2\/posts\/42326\/revisions\/42328"}],"wp:featuredmedia":[{"embeddable":true,"href":"https:\/\/eldiariodesanpedro.com.ar\/sitio\/wp-json\/wp\/v2\/media\/42327"}],"wp:attachment":[{"href":"https:\/\/eldiariodesanpedro.com.ar\/sitio\/wp-json\/wp\/v2\/media?parent=42326"}],"wp:term":[{"taxonomy":"category","embeddable":true,"href":"https:\/\/eldiariodesanpedro.com.ar\/sitio\/wp-json\/wp\/v2\/categories?post=42326"},{"taxonomy":"post_tag","embeddable":true,"href":"https:\/\/eldiariodesanpedro.com.ar\/sitio\/wp-json\/wp\/v2\/tags?post=42326"}],"curies":[{"name":"wp","href":"https:\/\/api.w.org\/{rel}","templated":true}]}}